{"id":10140,"date":"2023-07-05T11:40:09","date_gmt":"2023-07-05T09:40:09","guid":{"rendered":"https:\/\/archiwum.festiwalkresow.pl\/?p=10140"},"modified":"2023-07-05T11:40:10","modified_gmt":"2023-07-05T09:40:10","slug":"konferencja-naukowa-w-80-rocznice-zbrodni-wolynskiej","status":"publish","type":"post","link":"https:\/\/archiwum.festiwalkresow.pl\/index.php\/2023\/07\/05\/konferencja-naukowa-w-80-rocznice-zbrodni-wolynskiej\/","title":{"rendered":"Konferencja naukowa w 80. rocznic\u0119 Zbrodni Wo\u0142y\u0144skiej"},"content":{"rendered":"\n<p><strong>W Cieszanowie odb\u0119dzie si\u0119 konferencja naukowa w 80. rocznic\u0119 Zbrodni Wo\u0142y\u0144skiej. Spotkanie b\u0119dzie okazj\u0105 m.in. do przybli\u017cenia tych tragicznych wydarze\u0144 oraz dyskusji o jej wsp\u00f3\u0142czesnym wymiarze.<\/strong><\/p>\n\n\n\n<p>Na konferencj\u0119, kt\u00f3ra odb\u0119dzie si\u0119 w Cieszanowie 7 lipca&nbsp;2023 r. w Domu Nestora (dawna synagoga) na os. Kustronia 4, zapraszaj\u0105 Dyrektor Instytutu Pami\u0119ci Narodowej Oddzia\u0142 w Rzeszowie dr hab. Dariusz Iwaneczko oraz burmistrz Miasta i Gminy Cieszan\u00f3w Zdzis\u0142aw Zadworny.<\/p>\n\n\n\n<p>Szczeg\u00f3\u0142y na poni\u017cszych grafikach.<\/p>\n\n\n\n<figure class=\"wp-block-gallery columns-1 is-cropped wp-block-gallery-1 is-layout-flex wp-block-gallery-is-layout-flex\"><ul class=\"blocks-gallery-grid\"><li class=\"blocks-gallery-item\"><figure><a href=\"https:\/\/archiwum.festiwalkresow.pl\/wp-content\/uploads\/2023\/07\/zaproszenie-konferencja-wolynska-a-scaled-1.jpg\"><img loading=\"lazy\" decoding=\"async\" width=\"1024\" height=\"724\" src=\"https:\/\/archiwum.festiwalkresow.pl\/wp-content\/uploads\/2023\/07\/zaproszenie-konferencja-wolynska-a-scaled-1-1024x724.jpg\" alt=\"\" data-id=\"10141\" data-full-url=\"https:\/\/archiwum.festiwalkresow.pl\/wp-content\/uploads\/2023\/07\/zaproszenie-konferencja-wolynska-a-scaled-1.jpg\" data-link=\"https:\/\/archiwum.festiwalkresow.pl\/?attachment_id=10141\" class=\"wp-image-10141\" srcset=\"https:\/\/archiwum.festiwalkresow.pl\/wp-content\/uploads\/2023\/07\/zaproszenie-konferencja-wolynska-a-scaled-1-1024x724.jpg 1024w, https:\/\/archiwum.festiwalkresow.pl\/wp-content\/uploads\/2023\/07\/zaproszenie-konferencja-wolynska-a-scaled-1-300x212.jpg 300w, https:\/\/archiwum.festiwalkresow.pl\/wp-content\/uploads\/2023\/07\/zaproszenie-konferencja-wolynska-a-scaled-1-768x543.jpg 768w, https:\/\/archiwum.festiwalkresow.pl\/wp-content\/uploads\/2023\/07\/zaproszenie-konferencja-wolynska-a-scaled-1-1536x1087.jpg 1536w, https:\/\/archiwum.festiwalkresow.pl\/wp-content\/uploads\/2023\/07\/zaproszenie-konferencja-wolynska-a-scaled-1-2048x1449.jpg 2048w\" sizes=\"auto, (max-width: 1024px) 100vw, 1024px\" \/><\/a><\/figure><\/li><li class=\"blocks-gallery-item\"><figure><a href=\"https:\/\/archiwum.festiwalkresow.pl\/wp-content\/uploads\/2023\/07\/zaproszenie-konferencja-wolynska-b-scaled-1.jpg\"><img loading=\"lazy\" decoding=\"async\" width=\"1024\" height=\"724\" src=\"https:\/\/archiwum.festiwalkresow.pl\/wp-content\/uploads\/2023\/07\/zaproszenie-konferencja-wolynska-b-scaled-1-1024x724.jpg\" alt=\"\" data-id=\"10142\" data-full-url=\"https:\/\/archiwum.festiwalkresow.pl\/wp-content\/uploads\/2023\/07\/zaproszenie-konferencja-wolynska-b-scaled-1.jpg\" data-link=\"https:\/\/archiwum.festiwalkresow.pl\/?attachment_id=10142\" class=\"wp-image-10142\" srcset=\"https:\/\/archiwum.festiwalkresow.pl\/wp-content\/uploads\/2023\/07\/zaproszenie-konferencja-wolynska-b-scaled-1-1024x724.jpg 1024w, https:\/\/archiwum.festiwalkresow.pl\/wp-content\/uploads\/2023\/07\/zaproszenie-konferencja-wolynska-b-scaled-1-300x212.jpg 300w, https:\/\/archiwum.festiwalkresow.pl\/wp-content\/uploads\/2023\/07\/zaproszenie-konferencja-wolynska-b-scaled-1-768x543.jpg 768w, https:\/\/archiwum.festiwalkresow.pl\/wp-content\/uploads\/2023\/07\/zaproszenie-konferencja-wolynska-b-scaled-1-1536x1087.jpg 1536w, https:\/\/archiwum.festiwalkresow.pl\/wp-content\/uploads\/2023\/07\/zaproszenie-konferencja-wolynska-b-scaled-1-2048x1449.jpg 2048w\" sizes=\"auto, (max-width: 1024px) 100vw, 1024px\" \/><\/a><\/figure><\/li><\/ul><\/figure>\n","protected":false},"excerpt":{"rendered":"<p>W Cieszanowie odb\u0119dzie si\u0119 konferencja naukowa w 80. rocznic\u0119 Zbrodni Wo\u0142y\u0144skiej. Spotkanie b\u0119dzie okazj\u0105 m.in. do przybli\u017cenia tych tragicznych wydarze\u0144 oraz dyskusji o jej wsp\u00f3\u0142czesnym wymiarze.<\/p>\n","protected":false},"author":1,"featured_media":10141,"comment_status":"closed","ping_status":"closed","sticky":false,"template":"","format":"standard","meta":{"om_disable_all_campaigns":false,"_monsterinsights_skip_tracking":false,"_monsterinsights_sitenote_active":false,"_monsterinsights_sitenote_note":"","_monsterinsights_sitenote_category":0,"footnotes":""},"categories":[12,5],"tags":[33],"class_list":["post-10140","post","type-post","status-publish","format-standard","has-post-thumbnail","hentry","category-aktualnosci","category-zapowiedzi","tag-wolyn"],"aioseo_notices":[],"_links":{"self":[{"href":"https:\/\/archiwum.festiwalkresow.pl\/index.php\/wp-json\/wp\/v2\/posts\/10140","targetHints":{"allow":["GET"]}}],"collection":[{"href":"https:\/\/archiwum.festiwalkresow.pl\/index.php\/wp-json\/wp\/v2\/posts"}],"about":[{"href":"https:\/\/archiwum.festiwalkresow.pl\/index.php\/wp-json\/wp\/v2\/types\/post"}],"author":[{"embeddable":true,"href":"https:\/\/archiwum.festiwalkresow.pl\/index.php\/wp-json\/wp\/v2\/users\/1"}],"replies":[{"embeddable":true,"href":"https:\/\/archiwum.festiwalkresow.pl\/index.php\/wp-json\/wp\/v2\/comments?post=10140"}],"version-history":[{"count":1,"href":"https:\/\/archiwum.festiwalkresow.pl\/index.php\/wp-json\/wp\/v2\/posts\/10140\/revisions"}],"predecessor-version":[{"id":10143,"href":"https:\/\/archiwum.festiwalkresow.pl\/index.php\/wp-json\/wp\/v2\/posts\/10140\/revisions\/10143"}],"wp:featuredmedia":[{"embeddable":true,"href":"https:\/\/archiwum.festiwalkresow.pl\/index.php\/wp-json\/wp\/v2\/media\/10141"}],"wp:attachment":[{"href":"https:\/\/archiwum.festiwalkresow.pl\/index.php\/wp-json\/wp\/v2\/media?parent=10140"}],"wp:term":[{"taxonomy":"category","embeddable":true,"href":"https:\/\/archiwum.festiwalkresow.pl\/index.php\/wp-json\/wp\/v2\/categories?post=10140"},{"taxonomy":"post_tag","embeddable":true,"href":"https:\/\/archiwum.festiwalkresow.pl\/index.php\/wp-json\/wp\/v2\/tags?post=10140"}],"curies":[{"name":"wp","href":"https:\/\/api.w.org\/{rel}","templated":true}]}}