{"id":10186,"date":"2023-07-06T12:09:24","date_gmt":"2023-07-06T10:09:24","guid":{"rendered":"https:\/\/archiwum.festiwalkresow.pl\/?p=10186"},"modified":"2023-07-06T12:09:25","modified_gmt":"2023-07-06T10:09:25","slug":"rzeszow-klezmer-band-z-koncertem-w-lubaczowie","status":"publish","type":"post","link":"https:\/\/archiwum.festiwalkresow.pl\/index.php\/2023\/07\/06\/rzeszow-klezmer-band-z-koncertem-w-lubaczowie\/","title":{"rendered":"Rzesz\u00f3w Klezmer Band z koncertem w Lubaczowie"},"content":{"rendered":"\n<p><strong>W ramach niedzieli z kultur\u0105 \u017cydowsk\u0105 zapraszamy 30 lipca na ma\u0142y rynek w Lubaczowie na koncert zespo\u0142u Rzesz\u00f3w Klezmer Band.<\/strong><\/p>\n\n\n\n<figure class=\"wp-block-image size-large\"><img loading=\"lazy\" decoding=\"async\" width=\"1024\" height=\"682\" src=\"https:\/\/archiwum.festiwalkresow.pl\/wp-content\/uploads\/2023\/07\/rzeszow-klezmer-band-fot.Rafal-Gorski-1024x682.jpg\" alt=\"\" class=\"wp-image-10187\" srcset=\"https:\/\/archiwum.festiwalkresow.pl\/wp-content\/uploads\/2023\/07\/rzeszow-klezmer-band-fot.Rafal-Gorski-1024x682.jpg 1024w, https:\/\/archiwum.festiwalkresow.pl\/wp-content\/uploads\/2023\/07\/rzeszow-klezmer-band-fot.Rafal-Gorski-300x200.jpg 300w, https:\/\/archiwum.festiwalkresow.pl\/wp-content\/uploads\/2023\/07\/rzeszow-klezmer-band-fot.Rafal-Gorski-768x511.jpg 768w, https:\/\/archiwum.festiwalkresow.pl\/wp-content\/uploads\/2023\/07\/rzeszow-klezmer-band-fot.Rafal-Gorski-1536x1022.jpg 1536w, https:\/\/archiwum.festiwalkresow.pl\/wp-content\/uploads\/2023\/07\/rzeszow-klezmer-band-fot.Rafal-Gorski.jpg 1800w\" sizes=\"auto, (max-width: 1024px) 100vw, 1024px\" \/><figcaption>Rzesz\u00f3w Klezmer Band, fot. Rafa\u0142 G\u00f3rski<\/figcaption><\/figure>\n\n\n\n<p>Zesp\u00f3\u0142 RZESZ\u00d3W KLEZMER BAND powsta\u0142 w 2004 roku w Rzeszowie, w zwi\u0105zku z odbywaj\u0105c\u0105 si\u0119 w miejscowej galerii sztuki wystaw\u0105, po\u015bwi\u0119con\u0105 tw\u00f3rczo\u015bci Brunona Schulza. Nikt nie przypuszcza\u0142, \u017ce przypadek i zami\u0142owanie do muzyki zadecyduje o pocz\u0105tku wspania\u0142ej przygody z muzyk\u0105 klezmersk\u0105. Na chwil\u0119 obecn\u0105 zesp\u00f3\u0142 wykona\u0142 ponad 300 koncert\u00f3w na terenie Polski, Europy, jak r\u00f3wnie\u017c poza granicami naszego kontynentu. Zesp\u00f3\u0142 bra\u0142 udzia\u0142 w wielu konkursach i festiwalach. Do najwi\u0119kszych osi\u0105gni\u0119\u0107 zespo\u0142u mo\u017cna zaliczy\u0107 udzia\u0142 w Festiwalu \u201eSZIGET\u201d (2007) w Budapeszcie, udzia\u0142 w Festiwalu \u201eKlezfiesta\u201d (2008) w Buenos Aires, koncerty w Polski Pawilonie Podczas wystawy EXPO 2010 w Szanghaju, koncerty w Armenii oraz Gruzji, czy koncerty w Indiach podczas Kochi Biennale Festiwal.<\/p>\n<p>Utwory wykonywane przez muzyk\u00f3w to tradycyjne melodie klezmerskie, aran\u017cowane w taki spos\u00f3b, aby zawrze\u0107 w nich elementy tradycji i nowoczesno\u015bci. Dotychczasowy dorobek muzyczny po cz\u0119\u015bci sk\u0142ada si\u0119 na p\u0142yty pt. \u201eSiedem\u201d oraz \u201eKameleon\u201d. M\u0142odzi i energiczni muzycy, sprawiaj\u0105, \u017ce muzyka w ich wykonaniu przemawia do szerokiego grona publiczno\u015bci. Ich koncerty s\u0105 \u017cywio\u0142owe, r\u00f3\u017cnorodne, porywaj\u0105ce. Muzyka zespo\u0142u Rzesz\u00f3w Klezmer Band momentami porywa do ta\u0144ca, kusz\u0105c zmys\u0142owymi nastrojami, innym razem wzrusza rzewnymi brzmieniami&#8230;<\/p>\n<p>Zapraszamy na koncert. Pocz\u0105tek oko\u0142o godz. 19:00.\u00a0<\/p>\n","protected":false},"excerpt":{"rendered":"<p>W ramach niedzieli z kultur\u0105 \u017cydowsk\u0105 zapraszamy 30 lipca na ma\u0142y rynek w Lubaczowie na koncert zespo\u0142u Rzesz\u00f3w Klezmer Band.<\/p>\n","protected":false},"author":1,"featured_media":10187,"comment_status":"closed","ping_status":"closed","sticky":false,"template":"","format":"standard","meta":{"om_disable_all_campaigns":false,"_monsterinsights_skip_tracking":false,"_monsterinsights_sitenote_active":false,"_monsterinsights_sitenote_note":"","_monsterinsights_sitenote_category":0,"footnotes":""},"categories":[12,5],"tags":[134],"class_list":["post-10186","post","type-post","status-publish","format-standard","has-post-thumbnail","hentry","category-aktualnosci","category-zapowiedzi","tag-kultura-zydowska"],"aioseo_notices":[],"_links":{"self":[{"href":"https:\/\/archiwum.festiwalkresow.pl\/index.php\/wp-json\/wp\/v2\/posts\/10186","targetHints":{"allow":["GET"]}}],"collection":[{"href":"https:\/\/archiwum.festiwalkresow.pl\/index.php\/wp-json\/wp\/v2\/posts"}],"about":[{"href":"https:\/\/archiwum.festiwalkresow.pl\/index.php\/wp-json\/wp\/v2\/types\/post"}],"author":[{"embeddable":true,"href":"https:\/\/archiwum.festiwalkresow.pl\/index.php\/wp-json\/wp\/v2\/users\/1"}],"replies":[{"embeddable":true,"href":"https:\/\/archiwum.festiwalkresow.pl\/index.php\/wp-json\/wp\/v2\/comments?post=10186"}],"version-history":[{"count":1,"href":"https:\/\/archiwum.festiwalkresow.pl\/index.php\/wp-json\/wp\/v2\/posts\/10186\/revisions"}],"predecessor-version":[{"id":10188,"href":"https:\/\/archiwum.festiwalkresow.pl\/index.php\/wp-json\/wp\/v2\/posts\/10186\/revisions\/10188"}],"wp:featuredmedia":[{"embeddable":true,"href":"https:\/\/archiwum.festiwalkresow.pl\/index.php\/wp-json\/wp\/v2\/media\/10187"}],"wp:attachment":[{"href":"https:\/\/archiwum.festiwalkresow.pl\/index.php\/wp-json\/wp\/v2\/media?parent=10186"}],"wp:term":[{"taxonomy":"category","embeddable":true,"href":"https:\/\/archiwum.festiwalkresow.pl\/index.php\/wp-json\/wp\/v2\/categories?post=10186"},{"taxonomy":"post_tag","embeddable":true,"href":"https:\/\/archiwum.festiwalkresow.pl\/index.php\/wp-json\/wp\/v2\/tags?post=10186"}],"curies":[{"name":"wp","href":"https:\/\/api.w.org\/{rel}","templated":true}]}}