{"id":10260,"date":"2023-07-09T17:15:00","date_gmt":"2023-07-09T15:15:00","guid":{"rendered":"https:\/\/archiwum.festiwalkresow.pl\/?p=10260"},"modified":"2023-07-10T17:24:19","modified_gmt":"2023-07-10T15:24:19","slug":"o-zbrodni-wolynskiej-na-konferencji-naukowej-ipn-w-cieszanowie","status":"publish","type":"post","link":"https:\/\/archiwum.festiwalkresow.pl\/index.php\/2023\/07\/09\/o-zbrodni-wolynskiej-na-konferencji-naukowej-ipn-w-cieszanowie\/","title":{"rendered":"O Zbrodni Wo\u0142y\u0144skiej na konferencji naukowej IPN w Cieszanowie"},"content":{"rendered":"\n<p><strong>7 lipca 2023 r. w Cieszanowie odby\u0142a si\u0119 konferencja naukowa w 80. rocznic\u0119 Zbrodni Wo\u0142y\u0144skiej.<\/strong><\/p>\n\n\n\n<figure class=\"wp-block-image size-large\"><img loading=\"lazy\" decoding=\"async\" width=\"1024\" height=\"678\" src=\"https:\/\/archiwum.festiwalkresow.pl\/wp-content\/uploads\/2023\/07\/86-886405-1024x678.jpg\" alt=\"\" class=\"wp-image-10267\" srcset=\"https:\/\/archiwum.festiwalkresow.pl\/wp-content\/uploads\/2023\/07\/86-886405-1024x678.jpg 1024w, https:\/\/archiwum.festiwalkresow.pl\/wp-content\/uploads\/2023\/07\/86-886405-300x199.jpg 300w, https:\/\/archiwum.festiwalkresow.pl\/wp-content\/uploads\/2023\/07\/86-886405-768x509.jpg 768w, https:\/\/archiwum.festiwalkresow.pl\/wp-content\/uploads\/2023\/07\/86-886405-1536x1017.jpg 1536w, https:\/\/archiwum.festiwalkresow.pl\/wp-content\/uploads\/2023\/07\/86-886405-2048x1356.jpg 2048w\" sizes=\"auto, (max-width: 1024px) 100vw, 1024px\" \/><\/figure>\n\n\n\n<p>Konferencja&nbsp;przypomina, \u017ce w wyniku akcji podj\u0119tej w roku 1943 przez ukrai\u0144skich nacjonalist\u00f3w na dawnych Kresach Wschodnich II Rzeczpospolitej \u015bmier\u0107 najcz\u0119\u015bciej w brutalny spos\u00f3b ponios\u0142o wed\u0142ug r\u00f3\u017cnych ocen od 60 do 100 tysi\u0119cy cywilnych os\u00f3b polskiej narodowo\u015bci \u2013 m\u0119\u017cczyzn, kobiet i dzieci.<\/p>\n\n\n\n<blockquote class=\"wp-block-quote is-layout-flow wp-block-quote-is-layout-flow\"><p>Jak podkre\u015bla\u0142a uczestnicz\u0105ca w konferencji historyk Ewa Siemaszko \u2013 wsp\u00f3\u0142autorka monumentalnej pracy \u201eLudob\u00f3jstwo dokonane przez nacjonalist\u00f3w ukrai\u0144skich na ludno\u015bci polskiej Wo\u0142ynia\u201d, mimo up\u0142ywu 80 lat, badania dotycz\u0105ce Zbrodni Wo\u0142y\u0144skiej wci\u0105\u017c nie s\u0105 zako\u0144czone. Jak doda\u0142a historyk, pami\u0119\u0107 o ofiarach to nasz obowi\u0105zek.<\/p><\/blockquote>\n\n\n\n<blockquote class=\"wp-block-quote is-layout-flow wp-block-quote-is-layout-flow\"><p>Z kolei profesor Grzegorz Motyka, historyk od wielu lat zajmuj\u0105cy si\u0119 problematyk\u0105 stosunk\u00f3w polsko-ukrai\u0144skich m\u00f3wi\u0142, \u017ce nie mo\u017cna zapomina\u0107 o Zbrodni Wo\u0142y\u0144skiej r\u00f3wnie\u017c w warunkach wojny tocz\u0105cej si\u0119 w Ukrainie. Jak doda\u0142, najlepszym sposobem na rozbrojenie rosyjskiej propagandy skierowanej do Polak\u00f3w i Ukrai\u0144c\u00f3w, jest otwarte m\u00f3wienie o Zbrodni Wo\u0142y\u0144skiej, z ca\u0142\u0105 \u015bwiadomo\u015bci\u0105 \u017ce mamy na ni\u0105 r\u00f3\u017cne spojrzenia, ale tylko my \u2013 Polacy i Ukrai\u0144cy \u2013 mo\u017cemy ten konflikt rozstrzygn\u0105\u0107.<\/p><\/blockquote>\n\n\n\n<p>W konferencji uczestniczy\u0142o wielu zaproszonych go\u015bci, przedstawiciele w\u0142adz parlamentarnych i samorz\u0105dowych m.in. Andrzej Paj\u0105k senator RP, Jolanta Sawicka, wicewojewoda podkarpacki, Zdzis\u0142aw Zadworny burmistrz Miasta i Gminy Cieszan\u00f3w, gospodarz i wsp\u00f3\u0142organizator konferencji, Barbara Bro\u015b, wicestarosta Powiatu Lubaczowskiego, przewodnicz\u0105cy Rady Miejskiej w Cieszanowie, Adam Zaborniak, przewodnicz\u0105cy Rady Miejskiej w Cieszanowie, Adam Krzyto\u0144, starosta \u0141a\u0144cucki, w\u00f3jt Gminy Lubacz\u00f3w Wies\u0142aw Kapel, kombatanci ze \u015awiatowego Zwi\u0105zku, \u017bo\u0142nierzy AK Ko\u0142a Lubacz\u00f3w, zarz\u0105d Towarzystwa Mi\u0142o\u015bnik\u00f3w i Kres\u00f3w Po\u0142udniowo &#8211; Wschodnich w Lubaczowie, przedstawiciele s\u0142u\u017cb mundurowych: wojska, policji, stra\u017cy granicznej, s\u0142u\u017cby le\u015bnej, mieszka\u0144cy miasta i powiatu oraz Strzelcy.<\/p>\n\n\n\n<p class=\"has-text-align-center\"><em>Galeria zdj\u0119\u0107, fot. Katarzyna Gajda-Bator (IPN)<\/em><\/p>\n\n\n\n<figure class=\"wp-block-gallery columns-3 is-cropped wp-block-gallery-1 is-layout-flex wp-block-gallery-is-layout-flex\"><ul class=\"blocks-gallery-grid\"><li class=\"blocks-gallery-item\"><figure><a href=\"https:\/\/archiwum.festiwalkresow.pl\/wp-content\/uploads\/2023\/07\/86-886360.jpg\"><img loading=\"lazy\" decoding=\"async\" width=\"1024\" height=\"678\" src=\"https:\/\/archiwum.festiwalkresow.pl\/wp-content\/uploads\/2023\/07\/86-886360-1024x678.jpg\" alt=\"\" data-id=\"10261\" data-full-url=\"https:\/\/archiwum.festiwalkresow.pl\/wp-content\/uploads\/2023\/07\/86-886360.jpg\" data-link=\"https:\/\/archiwum.festiwalkresow.pl\/?attachment_id=10261\" class=\"wp-image-10261\" srcset=\"https:\/\/archiwum.festiwalkresow.pl\/wp-content\/uploads\/2023\/07\/86-886360-1024x678.jpg 1024w, https:\/\/archiwum.festiwalkresow.pl\/wp-content\/uploads\/2023\/07\/86-886360-300x199.jpg 300w, https:\/\/archiwum.festiwalkresow.pl\/wp-content\/uploads\/2023\/07\/86-886360-768x509.jpg 768w, https:\/\/archiwum.festiwalkresow.pl\/wp-content\/uploads\/2023\/07\/86-886360-1536x1017.jpg 1536w, https:\/\/archiwum.festiwalkresow.pl\/wp-content\/uploads\/2023\/07\/86-886360-2048x1356.jpg 2048w\" sizes=\"auto, (max-width: 1024px) 100vw, 1024px\" \/><\/a><\/figure><\/li><li class=\"blocks-gallery-item\"><figure><a href=\"https:\/\/archiwum.festiwalkresow.pl\/wp-content\/uploads\/2023\/07\/86-886363.jpg\"><img loading=\"lazy\" decoding=\"async\" width=\"1024\" height=\"678\" src=\"https:\/\/archiwum.festiwalkresow.pl\/wp-content\/uploads\/2023\/07\/86-886363-1024x678.jpg\" alt=\"\" data-id=\"10262\" data-full-url=\"https:\/\/archiwum.festiwalkresow.pl\/wp-content\/uploads\/2023\/07\/86-886363.jpg\" data-link=\"https:\/\/archiwum.festiwalkresow.pl\/?attachment_id=10262\" class=\"wp-image-10262\" srcset=\"https:\/\/archiwum.festiwalkresow.pl\/wp-content\/uploads\/2023\/07\/86-886363-1024x678.jpg 1024w, https:\/\/archiwum.festiwalkresow.pl\/wp-content\/uploads\/2023\/07\/86-886363-300x199.jpg 300w, https:\/\/archiwum.festiwalkresow.pl\/wp-content\/uploads\/2023\/07\/86-886363-768x509.jpg 768w, https:\/\/archiwum.festiwalkresow.pl\/wp-content\/uploads\/2023\/07\/86-886363-1536x1017.jpg 1536w, https:\/\/archiwum.festiwalkresow.pl\/wp-content\/uploads\/2023\/07\/86-886363-2048x1356.jpg 2048w\" sizes=\"auto, (max-width: 1024px) 100vw, 1024px\" \/><\/a><\/figure><\/li><li class=\"blocks-gallery-item\"><figure><a href=\"https:\/\/archiwum.festiwalkresow.pl\/wp-content\/uploads\/2023\/07\/86-886366.jpg\"><img loading=\"lazy\" decoding=\"async\" width=\"1024\" height=\"678\" src=\"https:\/\/archiwum.festiwalkresow.pl\/wp-content\/uploads\/2023\/07\/86-886366-1024x678.jpg\" alt=\"\" data-id=\"10263\" data-full-url=\"https:\/\/archiwum.festiwalkresow.pl\/wp-content\/uploads\/2023\/07\/86-886366.jpg\" data-link=\"https:\/\/archiwum.festiwalkresow.pl\/?attachment_id=10263\" class=\"wp-image-10263\" srcset=\"https:\/\/archiwum.festiwalkresow.pl\/wp-content\/uploads\/2023\/07\/86-886366-1024x678.jpg 1024w, https:\/\/archiwum.festiwalkresow.pl\/wp-content\/uploads\/2023\/07\/86-886366-300x199.jpg 300w, https:\/\/archiwum.festiwalkresow.pl\/wp-content\/uploads\/2023\/07\/86-886366-768x509.jpg 768w, https:\/\/archiwum.festiwalkresow.pl\/wp-content\/uploads\/2023\/07\/86-886366-1536x1017.jpg 1536w, https:\/\/archiwum.festiwalkresow.pl\/wp-content\/uploads\/2023\/07\/86-886366-2048x1356.jpg 2048w\" sizes=\"auto, (max-width: 1024px) 100vw, 1024px\" \/><\/a><\/figure><\/li><li class=\"blocks-gallery-item\"><figure><a href=\"https:\/\/archiwum.festiwalkresow.pl\/wp-content\/uploads\/2023\/07\/86-886368.jpg\"><img loading=\"lazy\" decoding=\"async\" width=\"1024\" height=\"678\" src=\"https:\/\/archiwum.festiwalkresow.pl\/wp-content\/uploads\/2023\/07\/86-886368-1024x678.jpg\" alt=\"\" data-id=\"10264\" data-full-url=\"https:\/\/archiwum.festiwalkresow.pl\/wp-content\/uploads\/2023\/07\/86-886368.jpg\" data-link=\"https:\/\/archiwum.festiwalkresow.pl\/?attachment_id=10264\" class=\"wp-image-10264\" srcset=\"https:\/\/archiwum.festiwalkresow.pl\/wp-content\/uploads\/2023\/07\/86-886368-1024x678.jpg 1024w, https:\/\/archiwum.festiwalkresow.pl\/wp-content\/uploads\/2023\/07\/86-886368-300x199.jpg 300w, https:\/\/archiwum.festiwalkresow.pl\/wp-content\/uploads\/2023\/07\/86-886368-768x509.jpg 768w, https:\/\/archiwum.festiwalkresow.pl\/wp-content\/uploads\/2023\/07\/86-886368-1536x1017.jpg 1536w, https:\/\/archiwum.festiwalkresow.pl\/wp-content\/uploads\/2023\/07\/86-886368-2048x1356.jpg 2048w\" sizes=\"auto, (max-width: 1024px) 100vw, 1024px\" \/><\/a><\/figure><\/li><li class=\"blocks-gallery-item\"><figure><a href=\"https:\/\/archiwum.festiwalkresow.pl\/wp-content\/uploads\/2023\/07\/86-886386.jpg\"><img loading=\"lazy\" decoding=\"async\" width=\"1024\" height=\"678\" src=\"https:\/\/archiwum.festiwalkresow.pl\/wp-content\/uploads\/2023\/07\/86-886386-1024x678.jpg\" alt=\"\" data-id=\"10265\" data-full-url=\"https:\/\/archiwum.festiwalkresow.pl\/wp-content\/uploads\/2023\/07\/86-886386.jpg\" data-link=\"https:\/\/archiwum.festiwalkresow.pl\/?attachment_id=10265\" class=\"wp-image-10265\" srcset=\"https:\/\/archiwum.festiwalkresow.pl\/wp-content\/uploads\/2023\/07\/86-886386-1024x678.jpg 1024w, https:\/\/archiwum.festiwalkresow.pl\/wp-content\/uploads\/2023\/07\/86-886386-300x199.jpg 300w, https:\/\/archiwum.festiwalkresow.pl\/wp-content\/uploads\/2023\/07\/86-886386-768x509.jpg 768w, https:\/\/archiwum.festiwalkresow.pl\/wp-content\/uploads\/2023\/07\/86-886386-1536x1017.jpg 1536w, https:\/\/archiwum.festiwalkresow.pl\/wp-content\/uploads\/2023\/07\/86-886386-2048x1356.jpg 2048w\" sizes=\"auto, (max-width: 1024px) 100vw, 1024px\" \/><\/a><\/figure><\/li><li class=\"blocks-gallery-item\"><figure><a href=\"https:\/\/archiwum.festiwalkresow.pl\/wp-content\/uploads\/2023\/07\/86-886401.jpg\"><img loading=\"lazy\" decoding=\"async\" width=\"1024\" height=\"678\" src=\"https:\/\/archiwum.festiwalkresow.pl\/wp-content\/uploads\/2023\/07\/86-886401-1024x678.jpg\" alt=\"\" data-id=\"10266\" data-full-url=\"https:\/\/archiwum.festiwalkresow.pl\/wp-content\/uploads\/2023\/07\/86-886401.jpg\" data-link=\"https:\/\/archiwum.festiwalkresow.pl\/?attachment_id=10266\" class=\"wp-image-10266\" srcset=\"https:\/\/archiwum.festiwalkresow.pl\/wp-content\/uploads\/2023\/07\/86-886401-1024x678.jpg 1024w, https:\/\/archiwum.festiwalkresow.pl\/wp-content\/uploads\/2023\/07\/86-886401-300x199.jpg 300w, https:\/\/archiwum.festiwalkresow.pl\/wp-content\/uploads\/2023\/07\/86-886401-768x509.jpg 768w, https:\/\/archiwum.festiwalkresow.pl\/wp-content\/uploads\/2023\/07\/86-886401-1536x1017.jpg 1536w, https:\/\/archiwum.festiwalkresow.pl\/wp-content\/uploads\/2023\/07\/86-886401-2048x1356.jpg 2048w\" sizes=\"auto, (max-width: 1024px) 100vw, 1024px\" \/><\/a><\/figure><\/li><li class=\"blocks-gallery-item\"><figure><a href=\"https:\/\/archiwum.festiwalkresow.pl\/wp-content\/uploads\/2023\/07\/86-886405.jpg\"><img loading=\"lazy\" decoding=\"async\" width=\"1024\" height=\"678\" src=\"https:\/\/archiwum.festiwalkresow.pl\/wp-content\/uploads\/2023\/07\/86-886405-1024x678.jpg\" alt=\"\" data-id=\"10267\" data-full-url=\"https:\/\/archiwum.festiwalkresow.pl\/wp-content\/uploads\/2023\/07\/86-886405.jpg\" data-link=\"https:\/\/archiwum.festiwalkresow.pl\/?attachment_id=10267\" class=\"wp-image-10267\" srcset=\"https:\/\/archiwum.festiwalkresow.pl\/wp-content\/uploads\/2023\/07\/86-886405-1024x678.jpg 1024w, https:\/\/archiwum.festiwalkresow.pl\/wp-content\/uploads\/2023\/07\/86-886405-300x199.jpg 300w, https:\/\/archiwum.festiwalkresow.pl\/wp-content\/uploads\/2023\/07\/86-886405-768x509.jpg 768w, https:\/\/archiwum.festiwalkresow.pl\/wp-content\/uploads\/2023\/07\/86-886405-1536x1017.jpg 1536w, https:\/\/archiwum.festiwalkresow.pl\/wp-content\/uploads\/2023\/07\/86-886405-2048x1356.jpg 2048w\" sizes=\"auto, (max-width: 1024px) 100vw, 1024px\" \/><\/a><\/figure><\/li><li class=\"blocks-gallery-item\"><figure><a href=\"https:\/\/archiwum.festiwalkresow.pl\/wp-content\/uploads\/2023\/07\/86-886426.jpg\"><img loading=\"lazy\" decoding=\"async\" width=\"1024\" height=\"678\" src=\"https:\/\/archiwum.festiwalkresow.pl\/wp-content\/uploads\/2023\/07\/86-886426-1024x678.jpg\" alt=\"\" data-id=\"10268\" data-full-url=\"https:\/\/archiwum.festiwalkresow.pl\/wp-content\/uploads\/2023\/07\/86-886426.jpg\" data-link=\"https:\/\/archiwum.festiwalkresow.pl\/?attachment_id=10268\" class=\"wp-image-10268\" srcset=\"https:\/\/archiwum.festiwalkresow.pl\/wp-content\/uploads\/2023\/07\/86-886426-1024x678.jpg 1024w, https:\/\/archiwum.festiwalkresow.pl\/wp-content\/uploads\/2023\/07\/86-886426-300x199.jpg 300w, https:\/\/archiwum.festiwalkresow.pl\/wp-content\/uploads\/2023\/07\/86-886426-768x509.jpg 768w, https:\/\/archiwum.festiwalkresow.pl\/wp-content\/uploads\/2023\/07\/86-886426-1536x1017.jpg 1536w, https:\/\/archiwum.festiwalkresow.pl\/wp-content\/uploads\/2023\/07\/86-886426-2048x1356.jpg 2048w\" sizes=\"auto, (max-width: 1024px) 100vw, 1024px\" \/><\/a><\/figure><\/li><li class=\"blocks-gallery-item\"><figure><a href=\"https:\/\/archiwum.festiwalkresow.pl\/wp-content\/uploads\/2023\/07\/86-886443.jpg\"><img loading=\"lazy\" decoding=\"async\" width=\"1024\" height=\"678\" src=\"https:\/\/archiwum.festiwalkresow.pl\/wp-content\/uploads\/2023\/07\/86-886443-1024x678.jpg\" alt=\"\" data-id=\"10269\" data-full-url=\"https:\/\/archiwum.festiwalkresow.pl\/wp-content\/uploads\/2023\/07\/86-886443.jpg\" data-link=\"https:\/\/archiwum.festiwalkresow.pl\/?attachment_id=10269\" class=\"wp-image-10269\" srcset=\"https:\/\/archiwum.festiwalkresow.pl\/wp-content\/uploads\/2023\/07\/86-886443-1024x678.jpg 1024w, https:\/\/archiwum.festiwalkresow.pl\/wp-content\/uploads\/2023\/07\/86-886443-300x199.jpg 300w, https:\/\/archiwum.festiwalkresow.pl\/wp-content\/uploads\/2023\/07\/86-886443-768x509.jpg 768w, https:\/\/archiwum.festiwalkresow.pl\/wp-content\/uploads\/2023\/07\/86-886443-1536x1017.jpg 1536w, https:\/\/archiwum.festiwalkresow.pl\/wp-content\/uploads\/2023\/07\/86-886443-2048x1356.jpg 2048w\" sizes=\"auto, (max-width: 1024px) 100vw, 1024px\" \/><\/a><\/figure><\/li><\/ul><\/figure>\n\n\n\n<p class=\"has-text-align-right\">Tekst: rzeszow.ipn.gov.pl<\/p>\n\n\n\n<p class=\"has-text-align-center\">Obejrzyjcie tak\u017ce relacj\u0119 filmow\u0105 TVP3 Rzesz\u00f3w.<\/p>\n\n\n\n<center><iframe loading=\"lazy\" class=\"tvplayer\" src=\"https:\/\/rzeszow.tvp.pl\/sess\/tvplayer.php?object_id=71140583&amp;autoplay=false\" width=\"690px\" height=\"389px\" frameborder=\"0\" scrolling=\"no\" allowfullscreen=\"allowfullscreen\"><span style=\"display: inline-block; width: 0px; overflow: hidden; line-height: 0;\" data-mce-type=\"bookmark\" class=\"mce_SELRES_start\">\ufeff<\/span><span data-mce-type=\"bookmark\" style=\"display: inline-block; width: 0px; overflow: hidden; line-height: 0;\" class=\"mce_SELRES_start\">\ufeff<\/span><span data-mce-type=\"bookmark\" style=\"display: inline-block; width: 0px; overflow: hidden; line-height: 0;\" class=\"mce_SELRES_start\">\ufeff<\/span><span style=\"display: inline-block; width: 0px; overflow: hidden; line-height: 0;\" data-mce-type=\"bookmark\" class=\"mce_SELRES_start\">\ufeff<\/span><span data-mce-type=\"bookmark\" style=\"display: inline-block; width: 0px; overflow: hidden; line-height: 0;\" class=\"mce_SELRES_start\">\ufeff<\/span><\/iframe><\/center><p><\/p><\/center>\n","protected":false},"excerpt":{"rendered":"<p>7 lipca 2023 r. w Cieszanowie odby\u0142a si\u0119 konferencja naukowa w 80. rocznic\u0119 Zbrodni Wo\u0142y\u0144skiej. Spotkanie by\u0142o okazj\u0105 do zaprezentowania najnowszych ustale\u0144 i bada\u0144 prowadzonych w ostatnich 5 latach.<\/p>\n","protected":false},"author":1,"featured_media":10267,"comment_status":"closed","ping_status":"closed","sticky":false,"template":"","format":"standard","meta":{"om_disable_all_campaigns":false,"_monsterinsights_skip_tracking":false,"_monsterinsights_sitenote_active":false,"_monsterinsights_sitenote_note":"","_monsterinsights_sitenote_category":0,"footnotes":""},"categories":[12,4,128],"tags":[33],"class_list":["post-10260","post","type-post","status-publish","format-standard","has-post-thumbnail","hentry","category-aktualnosci","category-relacje","category-video","tag-wolyn"],"aioseo_notices":[],"_links":{"self":[{"href":"https:\/\/archiwum.festiwalkresow.pl\/index.php\/wp-json\/wp\/v2\/posts\/10260","targetHints":{"allow":["GET"]}}],"collection":[{"href":"https:\/\/archiwum.festiwalkresow.pl\/index.php\/wp-json\/wp\/v2\/posts"}],"about":[{"href":"https:\/\/archiwum.festiwalkresow.pl\/index.php\/wp-json\/wp\/v2\/types\/post"}],"author":[{"embeddable":true,"href":"https:\/\/archiwum.festiwalkresow.pl\/index.php\/wp-json\/wp\/v2\/users\/1"}],"replies":[{"embeddable":true,"href":"https:\/\/archiwum.festiwalkresow.pl\/index.php\/wp-json\/wp\/v2\/comments?post=10260"}],"version-history":[{"count":1,"href":"https:\/\/archiwum.festiwalkresow.pl\/index.php\/wp-json\/wp\/v2\/posts\/10260\/revisions"}],"predecessor-version":[{"id":10270,"href":"https:\/\/archiwum.festiwalkresow.pl\/index.php\/wp-json\/wp\/v2\/posts\/10260\/revisions\/10270"}],"wp:featuredmedia":[{"embeddable":true,"href":"https:\/\/archiwum.festiwalkresow.pl\/index.php\/wp-json\/wp\/v2\/media\/10267"}],"wp:attachment":[{"href":"https:\/\/archiwum.festiwalkresow.pl\/index.php\/wp-json\/wp\/v2\/media?parent=10260"}],"wp:term":[{"taxonomy":"category","embeddable":true,"href":"https:\/\/archiwum.festiwalkresow.pl\/index.php\/wp-json\/wp\/v2\/categories?post=10260"},{"taxonomy":"post_tag","embeddable":true,"href":"https:\/\/archiwum.festiwalkresow.pl\/index.php\/wp-json\/wp\/v2\/tags?post=10260"}],"curies":[{"name":"wp","href":"https:\/\/api.w.org\/{rel}","templated":true}]}}