{"id":11179,"date":"2023-07-31T12:47:24","date_gmt":"2023-07-31T10:47:24","guid":{"rendered":"https:\/\/archiwum.festiwalkresow.pl\/?p=11179"},"modified":"2023-07-31T12:57:11","modified_gmt":"2023-07-31T10:57:11","slug":"kresowych-poetow-spiewajmy-przezyjmy-to-jeszcze-raz-video","status":"publish","type":"post","link":"https:\/\/archiwum.festiwalkresow.pl\/index.php\/2023\/07\/31\/kresowych-poetow-spiewajmy-przezyjmy-to-jeszcze-raz-video\/","title":{"rendered":"&#8222;Kresowych poet\u00f3w \u015bpiewajmy&#8221; &#8211; prze\u017cyjmy to jeszcze raz [VIDEO]"},"content":{"rendered":"\n<p><strong>W sobot\u0119 29 lipca, w Miejskim Domu Kultury w Lubaczowie odby\u0142 si\u0119 koncert \u201eKresowych poet\u00f3w \u015bpiewajmy\u201d. Na scenie wyst\u0105pili uczestnicy pierwszej edycji warsztat\u00f3w wokalnych, kt\u00f3rzy pracowali pod okiem Pauliny Mazepy.<\/strong><\/p>\n\n\n\n<p>W czasie zaj\u0119\u0107 ich uczestnicy opracowali muzyk\u0119 i aran\u017cacje do wierszy kresowych poet\u00f3w, takich jak Marian Hemar, Krystyna Angielska i Jacek Hadam. Zaj\u0119cia prowadzi\u0142a Paulina Mazepa, wokalistka, autorka tekst\u00f3w i muzyki. Towarzyszyli jej koledzy z zespo\u0142u: Rafa\u0142 Czaranacki (instrumenty klawiszowe), Micha\u0142 Kozar (gitara), Dominik Lechowicz (gitara basowa) i Kacper Majewski (perkusja).<\/p>\n\n\n\n<p>Koncert fina\u0142owy fina\u0142owy by\u0142 prawdziwym \u015bwi\u0119tem dla muzyki i kresowych poet\u00f3w.<\/p>\n\n\n\n<p class=\"has-text-align-center\"><a href=\"https:\/\/archiwum.festiwalkresow.pl\/index.php\/2023\/07\/31\/kresowych-poetow-spiewajmy-za-nami-koncert-finalowy\/\" title=\"\">Obejrzyjcie tak\u017ce fotorelacj\u0119 z tego wydarzenia<\/a>.<\/p>\n\n\n\n<p class=\"has-text-align-center\">Oto kilka piosenek z tego wyj\u0105tkowego koncertu.<\/p>\n\n\n\n<figure class=\"wp-block-embed-youtube wp-block-embed is-type-video is-provider-youtube wp-embed-aspect-16-9 wp-has-aspect-ratio\"><div class=\"wp-block-embed__wrapper\">\n<iframe loading=\"lazy\" title=\"Kresowych poet\u00f3w \u015bpiewajmy - koncert fina\u0142owy. &quot;Kiedy zn\u00f3w zakwitn\u0105 bia\u0142e \u0142zy&quot;, Marian Hemar.\" width=\"710\" height=\"399\" src=\"https:\/\/www.youtube.com\/embed\/IIECltl28nk?feature=oembed&amp;wmode=opaque\" frameborder=\"0\" allow=\"accelerometer; autoplay; clipboard-write; encrypted-media; gyroscope; picture-in-picture; web-share\" allowfullscreen><\/iframe>\n<\/div><\/figure>\n\n\n\n<p><iframe loading=\"lazy\" title=\"Kresowych poet\u00f3w \u015bpiewajmy - koncert fina\u0142owy. &quot;Bia\u0142e nici&quot;, Krystyna Angielska.\" width=\"710\" height=\"399\" src=\"https:\/\/www.youtube.com\/embed\/Qct4NxxUYVo?feature=oembed&amp;wmode=opaque\" frameborder=\"0\" allow=\"accelerometer; autoplay; clipboard-write; encrypted-media; gyroscope; picture-in-picture; web-share\" allowfullscreen><\/iframe><\/p>\n<p><iframe loading=\"lazy\" title=\"Kresowych poet\u00f3w \u015bpiewajmy - koncert fina\u0142owy. &quot;Tyle jest miast&quot;, Marian Hemar.\" width=\"710\" height=\"399\" src=\"https:\/\/www.youtube.com\/embed\/vV-vOAoWBPw?feature=oembed&amp;wmode=opaque\" frameborder=\"0\" allow=\"accelerometer; autoplay; clipboard-write; encrypted-media; gyroscope; picture-in-picture; web-share\" allowfullscreen><\/iframe><\/p>\n<p><iframe loading=\"lazy\" title=\"Kresowych poet\u00f3w \u015bpiewajmy - koncert fina\u0142owy.\" width=\"710\" height=\"399\" src=\"https:\/\/www.youtube.com\/embed\/PZ7yv34PkCY?feature=oembed&amp;wmode=opaque\" frameborder=\"0\" allow=\"accelerometer; autoplay; clipboard-write; encrypted-media; gyroscope; picture-in-picture; web-share\" allowfullscreen><\/iframe><\/p>\n","protected":false},"excerpt":{"rendered":"<p>W sobot\u0119 29 lipca, w Miejskim Domu Kultury w Lubaczowie odby\u0142 si\u0119 koncert \u201eKresowych poet\u00f3w \u015bpiewajmy\u201d. Zach\u0119camy do obejrzenia kilku fragment\u00f3w z tego wydarzenia.<\/p>\n","protected":false},"author":1,"featured_media":11141,"comment_status":"closed","ping_status":"closed","sticky":false,"template":"","format":"standard","meta":{"om_disable_all_campaigns":false,"_monsterinsights_skip_tracking":false,"_monsterinsights_sitenote_active":false,"_monsterinsights_sitenote_note":"","_monsterinsights_sitenote_category":0,"footnotes":""},"categories":[12,4,128],"tags":[146],"class_list":["post-11179","post","type-post","status-publish","format-standard","has-post-thumbnail","hentry","category-aktualnosci","category-relacje","category-video","tag-warsztaty-wokalne"],"aioseo_notices":[],"_links":{"self":[{"href":"https:\/\/archiwum.festiwalkresow.pl\/index.php\/wp-json\/wp\/v2\/posts\/11179","targetHints":{"allow":["GET"]}}],"collection":[{"href":"https:\/\/archiwum.festiwalkresow.pl\/index.php\/wp-json\/wp\/v2\/posts"}],"about":[{"href":"https:\/\/archiwum.festiwalkresow.pl\/index.php\/wp-json\/wp\/v2\/types\/post"}],"author":[{"embeddable":true,"href":"https:\/\/archiwum.festiwalkresow.pl\/index.php\/wp-json\/wp\/v2\/users\/1"}],"replies":[{"embeddable":true,"href":"https:\/\/archiwum.festiwalkresow.pl\/index.php\/wp-json\/wp\/v2\/comments?post=11179"}],"version-history":[{"count":3,"href":"https:\/\/archiwum.festiwalkresow.pl\/index.php\/wp-json\/wp\/v2\/posts\/11179\/revisions"}],"predecessor-version":[{"id":11183,"href":"https:\/\/archiwum.festiwalkresow.pl\/index.php\/wp-json\/wp\/v2\/posts\/11179\/revisions\/11183"}],"wp:featuredmedia":[{"embeddable":true,"href":"https:\/\/archiwum.festiwalkresow.pl\/index.php\/wp-json\/wp\/v2\/media\/11141"}],"wp:attachment":[{"href":"https:\/\/archiwum.festiwalkresow.pl\/index.php\/wp-json\/wp\/v2\/media?parent=11179"}],"wp:term":[{"taxonomy":"category","embeddable":true,"href":"https:\/\/archiwum.festiwalkresow.pl\/index.php\/wp-json\/wp\/v2\/categories?post=11179"},{"taxonomy":"post_tag","embeddable":true,"href":"https:\/\/archiwum.festiwalkresow.pl\/index.php\/wp-json\/wp\/v2\/tags?post=11179"}],"curies":[{"name":"wp","href":"https:\/\/api.w.org\/{rel}","templated":true}]}}