{"id":13213,"date":"2024-07-23T14:56:00","date_gmt":"2024-07-23T12:56:00","guid":{"rendered":"https:\/\/archiwum.festiwalkresow.pl\/?p=13213"},"modified":"2024-07-23T15:00:44","modified_gmt":"2024-07-23T13:00:44","slug":"przedstawiamy-miasto-idealne","status":"publish","type":"post","link":"https:\/\/archiwum.festiwalkresow.pl\/index.php\/2024\/07\/23\/przedstawiamy-miasto-idealne\/","title":{"rendered":"Przedstawiamy miasto &#8222;idealne&#8221;"},"content":{"rendered":"\n<div class=\"wp-block-image\"><figure class=\"aligncenter size-full\"><a href=\"https:\/\/archiwum.festiwalkresow.pl\/wp-content\/uploads\/2024\/07\/DSC_2906.jpeg\"><img loading=\"lazy\" decoding=\"async\" width=\"2400\" height=\"1602\" src=\"https:\/\/archiwum.festiwalkresow.pl\/wp-content\/uploads\/2024\/07\/DSC_2906.jpeg\" alt=\"\" class=\"wp-image-13215\" srcset=\"https:\/\/archiwum.festiwalkresow.pl\/wp-content\/uploads\/2024\/07\/DSC_2906.jpeg 2400w, https:\/\/archiwum.festiwalkresow.pl\/wp-content\/uploads\/2024\/07\/DSC_2906-300x200.jpeg 300w, https:\/\/archiwum.festiwalkresow.pl\/wp-content\/uploads\/2024\/07\/DSC_2906-1024x684.jpeg 1024w, https:\/\/archiwum.festiwalkresow.pl\/wp-content\/uploads\/2024\/07\/DSC_2906-768x513.jpeg 768w, https:\/\/archiwum.festiwalkresow.pl\/wp-content\/uploads\/2024\/07\/DSC_2906-1536x1025.jpeg 1536w, https:\/\/archiwum.festiwalkresow.pl\/wp-content\/uploads\/2024\/07\/DSC_2906-2048x1367.jpeg 2048w\" sizes=\"auto, (max-width: 2400px) 100vw, 2400px\" \/><\/a><\/figure><\/div>\n\n\n\n<p><strong>W ramach Festiwalu Dziedzictwa Kres\u00f3w poznamy \u017b\u00f3\u0142kiew &#8211; miasteczko le\u017c\u0105ce w cieniu Lwowa, nad rzek\u0105 Swini\u0105, maj\u0105ce&nbsp;wielkie znaczenie dla polskiego dziedzictwa kulturowego. W pi\u0105tek, 2 sierpnia o godzinie 18:00 w sali narad Urz\u0119du Miasta i Gminy Cieszan\u00f3w odb\u0119dzie si\u0119 sesja popularno-edukacyjna pod tytu\u0142em &#8222;\u017b\u00f3\u0142kiew jako renesansowe miasto idealne&#8221;.&nbsp;<\/strong><\/p>\n\n\n\n<p>W ramach cyklu Historia Kresowych Miasteczek poznamy unikalne cechy architektoniczne i historyczne, kt\u00f3re czyni\u0105 \u017b\u00f3\u0142kiew miastem wyj\u0105tkowym.&nbsp;W trakcie wydarzenia swoj\u0105 wiedz\u0105 podzieli si\u0119 Tomasz R\u00f3g, kt\u00f3ry wyg\u0142osi referat &#8222;Z dziej\u00f3w \u017b\u00f3\u0142kwi, dawnego miasta &#8222;idealnego'&#8221;. Uzupe\u0142ni go dr Janusz Polaczek, przedstawiaj\u0105c prelekcj\u0119 pt. &#8222;Kolegiata w \u017b\u00f3\u0142kwi &#8211; panteon chwa\u0142y or\u0119\u017ca polskiego&#8221;. To z pewno\u015bci\u0105 wyj\u0105tkowa okazja do poznania miasta, kt\u00f3re zosta\u0142o za\u0142o\u017cone przez hetmana Stanis\u0142awa \u017b\u00f3\u0142kiewskiego w 1597 roku, inspirowane Zamo\u015bciem, a jego historia si\u0119ga a\u017c 1368 roku, kiedy to po raz pierwszy wzmiankowano je jako Winniki.<\/p>\n\n\n\n<p>Po prelekcjach, o godzinie 19:30, na cieszanowskim rynku otwarta zostanie wystawa &#8222;\u017b\u00f3\u0142kiew na starych poczt\u00f3wkach i fotografiach (1865-1939)&#8221;, kt\u00f3ra zabierze nas w podr\u00f3\u017c do przesz\u0142o\u015bci. Warto podkre\u015bli\u0107, \u017ce \u017b\u00f3\u0142kiew to jedno z niewielu dawnych kresowych miasteczek, kt\u00f3re zachowa\u0142o galicyjski klimat, \u0142\u0105cz\u0105c w sobie wp\u0142ywy polskie, ukrai\u0144skie i \u017cydowskie. Uk\u0142ad architektoniczny Starego Miasta, z rynkiem, ratuszem, zamkiem oraz licznymi \u015bwi\u0105tyniami r\u00f3\u017cnych wyzna\u0144, stanowi doskona\u0142y przyk\u0142ad wsp\u00f3\u0142pracy tych trzech kultur. Zach\u0119camy wszystkich mi\u0142o\u015bnik\u00f3w historii, architektury oraz kultury do wzi\u0119cia udzia\u0142u w tym wyj\u0105tkowym wydarzeniu.<\/p>\n\n\n\n<div class=\"wp-block-image\"><figure class=\"aligncenter size-full\"><a href=\"https:\/\/archiwum.festiwalkresow.pl\/wp-content\/uploads\/2024\/07\/historia-kresowych-miasteczek-cieszanow.jpg\"><img loading=\"lazy\" decoding=\"async\" width=\"1200\" height=\"1690\" src=\"https:\/\/archiwum.festiwalkresow.pl\/wp-content\/uploads\/2024\/07\/historia-kresowych-miasteczek-cieszanow.jpg\" alt=\"\" class=\"wp-image-13214\" srcset=\"https:\/\/archiwum.festiwalkresow.pl\/wp-content\/uploads\/2024\/07\/historia-kresowych-miasteczek-cieszanow.jpg 1200w, https:\/\/archiwum.festiwalkresow.pl\/wp-content\/uploads\/2024\/07\/historia-kresowych-miasteczek-cieszanow-213x300.jpg 213w, https:\/\/archiwum.festiwalkresow.pl\/wp-content\/uploads\/2024\/07\/historia-kresowych-miasteczek-cieszanow-727x1024.jpg 727w, https:\/\/archiwum.festiwalkresow.pl\/wp-content\/uploads\/2024\/07\/historia-kresowych-miasteczek-cieszanow-768x1082.jpg 768w, https:\/\/archiwum.festiwalkresow.pl\/wp-content\/uploads\/2024\/07\/historia-kresowych-miasteczek-cieszanow-1091x1536.jpg 1091w\" sizes=\"auto, (max-width: 1200px) 100vw, 1200px\" \/><\/a><\/figure><\/div>\n","protected":false},"excerpt":{"rendered":"<p>W ramach Festiwalu Dziedzictwa Kres\u00f3w poznamy \u017b\u00f3\u0142kiew &#8211; miasteczko le\u017c\u0105ce w cieniu Lwowa, nad rzek\u0105 Swini\u0105, maj\u0105ce wielkie znaczenie dla polskiego dziedzictwa kulturowego. W pi\u0105tek, 2 sierpnia o godzinie 18:00 w sali narad Urz\u0119du Miasta i Gminy Cieszan\u00f3w odb\u0119dzie si\u0119 sesja popularno-edukacyjna pod tytu\u0142em &#8222;\u017b\u00f3\u0142kiew jako renesansowe miasto idealne&#8221;. <\/p>\n","protected":false},"author":1,"featured_media":13215,"comment_status":"closed","ping_status":"closed","sticky":false,"template":"","format":"standard","meta":{"om_disable_all_campaigns":false,"_monsterinsights_skip_tracking":false,"_monsterinsights_sitenote_active":false,"_monsterinsights_sitenote_note":"","_monsterinsights_sitenote_category":0,"footnotes":""},"categories":[12,5],"tags":[],"class_list":["post-13213","post","type-post","status-publish","format-standard","has-post-thumbnail","hentry","category-aktualnosci","category-zapowiedzi"],"aioseo_notices":[],"_links":{"self":[{"href":"https:\/\/archiwum.festiwalkresow.pl\/index.php\/wp-json\/wp\/v2\/posts\/13213","targetHints":{"allow":["GET"]}}],"collection":[{"href":"https:\/\/archiwum.festiwalkresow.pl\/index.php\/wp-json\/wp\/v2\/posts"}],"about":[{"href":"https:\/\/archiwum.festiwalkresow.pl\/index.php\/wp-json\/wp\/v2\/types\/post"}],"author":[{"embeddable":true,"href":"https:\/\/archiwum.festiwalkresow.pl\/index.php\/wp-json\/wp\/v2\/users\/1"}],"replies":[{"embeddable":true,"href":"https:\/\/archiwum.festiwalkresow.pl\/index.php\/wp-json\/wp\/v2\/comments?post=13213"}],"version-history":[{"count":1,"href":"https:\/\/archiwum.festiwalkresow.pl\/index.php\/wp-json\/wp\/v2\/posts\/13213\/revisions"}],"predecessor-version":[{"id":13216,"href":"https:\/\/archiwum.festiwalkresow.pl\/index.php\/wp-json\/wp\/v2\/posts\/13213\/revisions\/13216"}],"wp:featuredmedia":[{"embeddable":true,"href":"https:\/\/archiwum.festiwalkresow.pl\/index.php\/wp-json\/wp\/v2\/media\/13215"}],"wp:attachment":[{"href":"https:\/\/archiwum.festiwalkresow.pl\/index.php\/wp-json\/wp\/v2\/media?parent=13213"}],"wp:term":[{"taxonomy":"category","embeddable":true,"href":"https:\/\/archiwum.festiwalkresow.pl\/index.php\/wp-json\/wp\/v2\/categories?post=13213"},{"taxonomy":"post_tag","embeddable":true,"href":"https:\/\/archiwum.festiwalkresow.pl\/index.php\/wp-json\/wp\/v2\/tags?post=13213"}],"curies":[{"name":"wp","href":"https:\/\/api.w.org\/{rel}","templated":true}]}}