{"id":13483,"date":"2024-07-30T16:55:40","date_gmt":"2024-07-30T14:55:40","guid":{"rendered":"https:\/\/archiwum.festiwalkresow.pl\/?p=13483"},"modified":"2024-08-11T11:45:27","modified_gmt":"2024-08-11T09:45:27","slug":"informacje-organizacyjne-dla-osob-zapisanych-do-uczestnictwa-w-rajdzie-rowerowym-rowerem-po-roztoczu","status":"publish","type":"post","link":"https:\/\/archiwum.festiwalkresow.pl\/index.php\/2024\/07\/30\/informacje-organizacyjne-dla-osob-zapisanych-do-uczestnictwa-w-rajdzie-rowerowym-rowerem-po-roztoczu\/","title":{"rendered":"Informacje organizacyjne dla os\u00f3b zapisanych do uczestnictwa w Rajdzie rowerowym &#8222;Rowerem po Roztoczu&#8221;"},"content":{"rendered":"\n<p><strong>Informacje organizacyjne dla os\u00f3b zapisanych do uczestnictwa w Rajdzie rowerowym &#8222;Rowerem po Roztoczu&#8221;, kt\u00f3ry odb\u0119dzie si\u0119 w dniu 3 sierpnia 2024 r.<\/strong><\/p>\n\n\n\n<figure class=\"wp-block-image size-large\"><img loading=\"lazy\" decoding=\"async\" width=\"960\" height=\"720\" src=\"https:\/\/archiwum.festiwalkresow.pl\/wp-content\/uploads\/2022\/07\/rajd-960x720-1.jpg\" alt=\"\" class=\"wp-image-7753\" srcset=\"https:\/\/archiwum.festiwalkresow.pl\/wp-content\/uploads\/2022\/07\/rajd-960x720-1.jpg 960w, https:\/\/archiwum.festiwalkresow.pl\/wp-content\/uploads\/2022\/07\/rajd-960x720-1-300x225.jpg 300w, https:\/\/archiwum.festiwalkresow.pl\/wp-content\/uploads\/2022\/07\/rajd-960x720-1-768x576.jpg 768w\" sizes=\"auto, (max-width: 960px) 100vw, 960px\" \/><\/figure>\n\n\n\n<p>D\u0142ugo\u015b\u0107 trasy: 47 km.<br>Poziom trudno\u015bci: \u015bredni. <br>Miejsce startu: Obserwatorium Astronomiczne w Tymcach.<br>Parking &#8211; w miejscu wyznaczonym przed Obserwatorium.<\/p>\n\n\n\n<p><strong>Program rajdu:<\/strong><\/p>\n\n\n\n<p>9.15 &#8211; 9.50 &#8211; rejestracja<br>10.00 &#8211; start rajdu <br>12.00 &#8211; przystanek i ma\u0142y pocz\u0119stunek w Hucie Starej <br>12.20 &#8211; 13.20 &#8211; zwiedzanie &#8222;bunkr\u00f3w&#8221; z przewodnikiem <br>13.30 &#8211; 15.30 &#8211; przejazd do mety &#8211; Obserwatorium Astronomiczne w Tymcach <br>15.30 &#8211; 16.30 &#8211; pocz\u0119stunek i losowanie nagr\u00f3d <br>16.30 &#8211; zako\u0144czenie rajdu.<\/p>\n\n\n\n<p>UWAGA: Osoby korzystaj\u0105ce z szynobusu zostan\u0105 poinformowane i godzinach i zasadach przejazdu telefonicznie\/mailowo.<\/p>\n\n\n\n<p class=\"has-text-align-center\">Partner:<\/p>\n\n\n\n<figure class=\"wp-block-image size-full\"><a href=\"https:\/\/archiwum.festiwalkresow.pl\/wp-content\/uploads\/2023\/08\/logo-Podkarpackie-Przestrzen-Otwarta.jpg\"><img loading=\"lazy\" decoding=\"async\" width=\"2092\" height=\"932\" src=\"https:\/\/archiwum.festiwalkresow.pl\/wp-content\/uploads\/2023\/08\/logo-Podkarpackie-Przestrzen-Otwarta.jpg\" alt=\"\" class=\"wp-image-11641\" srcset=\"https:\/\/archiwum.festiwalkresow.pl\/wp-content\/uploads\/2023\/08\/logo-Podkarpackie-Przestrzen-Otwarta.jpg 2092w, https:\/\/archiwum.festiwalkresow.pl\/wp-content\/uploads\/2023\/08\/logo-Podkarpackie-Przestrzen-Otwarta-300x134.jpg 300w, https:\/\/archiwum.festiwalkresow.pl\/wp-content\/uploads\/2023\/08\/logo-Podkarpackie-Przestrzen-Otwarta-1024x456.jpg 1024w, https:\/\/archiwum.festiwalkresow.pl\/wp-content\/uploads\/2023\/08\/logo-Podkarpackie-Przestrzen-Otwarta-768x342.jpg 768w, https:\/\/archiwum.festiwalkresow.pl\/wp-content\/uploads\/2023\/08\/logo-Podkarpackie-Przestrzen-Otwarta-1536x684.jpg 1536w, https:\/\/archiwum.festiwalkresow.pl\/wp-content\/uploads\/2023\/08\/logo-Podkarpackie-Przestrzen-Otwarta-2048x912.jpg 2048w\" sizes=\"auto, (max-width: 2092px) 100vw, 2092px\" \/><\/a><\/figure>\n","protected":false},"excerpt":{"rendered":"<p>Informacje organizacyjne dla os\u00f3b zapisanych do uczestnictwa w Rajdzie rowerowym &#8222;Rowerem po Roztoczu&#8221;, kt\u00f3ry odb\u0119dzie si\u0119 w dniu 3 sierpnia 2024 r. w ramach Aktywnej Soboty.<\/p>\n","protected":false},"author":1,"featured_media":7753,"comment_status":"closed","ping_status":"closed","sticky":false,"template":"","format":"standard","meta":{"om_disable_all_campaigns":false,"_monsterinsights_skip_tracking":false,"_monsterinsights_sitenote_active":false,"_monsterinsights_sitenote_note":"","_monsterinsights_sitenote_category":0,"footnotes":""},"categories":[12,10,5],"tags":[],"class_list":["post-13483","post","type-post","status-publish","format-standard","has-post-thumbnail","hentry","category-aktualnosci","category-komunikaty","category-zapowiedzi"],"aioseo_notices":[],"_links":{"self":[{"href":"https:\/\/archiwum.festiwalkresow.pl\/index.php\/wp-json\/wp\/v2\/posts\/13483","targetHints":{"allow":["GET"]}}],"collection":[{"href":"https:\/\/archiwum.festiwalkresow.pl\/index.php\/wp-json\/wp\/v2\/posts"}],"about":[{"href":"https:\/\/archiwum.festiwalkresow.pl\/index.php\/wp-json\/wp\/v2\/types\/post"}],"author":[{"embeddable":true,"href":"https:\/\/archiwum.festiwalkresow.pl\/index.php\/wp-json\/wp\/v2\/users\/1"}],"replies":[{"embeddable":true,"href":"https:\/\/archiwum.festiwalkresow.pl\/index.php\/wp-json\/wp\/v2\/comments?post=13483"}],"version-history":[{"count":3,"href":"https:\/\/archiwum.festiwalkresow.pl\/index.php\/wp-json\/wp\/v2\/posts\/13483\/revisions"}],"predecessor-version":[{"id":14306,"href":"https:\/\/archiwum.festiwalkresow.pl\/index.php\/wp-json\/wp\/v2\/posts\/13483\/revisions\/14306"}],"wp:featuredmedia":[{"embeddable":true,"href":"https:\/\/archiwum.festiwalkresow.pl\/index.php\/wp-json\/wp\/v2\/media\/7753"}],"wp:attachment":[{"href":"https:\/\/archiwum.festiwalkresow.pl\/index.php\/wp-json\/wp\/v2\/media?parent=13483"}],"wp:term":[{"taxonomy":"category","embeddable":true,"href":"https:\/\/archiwum.festiwalkresow.pl\/index.php\/wp-json\/wp\/v2\/categories?post=13483"},{"taxonomy":"post_tag","embeddable":true,"href":"https:\/\/archiwum.festiwalkresow.pl\/index.php\/wp-json\/wp\/v2\/tags?post=13483"}],"curies":[{"name":"wp","href":"https:\/\/api.w.org\/{rel}","templated":true}]}}