{"id":1968,"date":"2018-07-25T11:23:48","date_gmt":"2018-07-25T09:23:48","guid":{"rendered":"https:\/\/archiwum.festiwalkresow.pl\/?p=1968"},"modified":"2018-07-25T11:24:33","modified_gmt":"2018-07-25T09:24:33","slug":"oratorium-wolynskie-kres-kresow-w-rzeszowie","status":"publish","type":"post","link":"https:\/\/archiwum.festiwalkresow.pl\/index.php\/2018\/07\/25\/oratorium-wolynskie-kres-kresow-w-rzeszowie\/","title":{"rendered":"Oratorium Wo\u0142y\u0144skie Kres Kres\u00f3w w Rzeszowie"},"content":{"rendered":"<p>Zapraszamy na Oratorium Wo\u0142y\u0144skie \u201eKres Kres\u00f3w\u201d w wykonaniu Orkiestry Symfonicznej Filharmonii Podkarpackiej pod dyrekcj\u0105 Krzesimira D\u0119bskiego, Ch\u00f3r mieszany pod dyrekcj\u0105 El\u017cbiety Krzemi\u0144skiej, Anna Jurksztowicz \u2013 \u015bpiew.<\/p>\n<p>Kiedy: Niedziela, 29.07.2018 r., godz. 18:00.<br \/>\nGdzie: Filharmonia Podkarpacka im. Artura Malawskiego w Rzeszowie.<\/p>\n<p><iframe loading=\"lazy\" width=\"100%\" height=\"450\" scrolling=\"no\" frameborder=\"no\" allow=\"autoplay\" src=\"https:\/\/w.soundcloud.com\/player\/?url=https%3A\/\/api.soundcloud.com\/tracks\/476435499&#038;color=%23ff5500&#038;auto_play=false&#038;hide_related=false&#038;show_comments=true&#038;show_user=true&#038;show_reposts=false&#038;show_teaser=true&#038;visual=true\"><\/iframe><\/p>\n","protected":false},"excerpt":{"rendered":"<p>Zapraszamy na Oratorium Wo\u0142y\u0144skie \u201eKres Kres\u00f3w\u201d w wykonaniu Orkiestry Symfonicznej Filharmonii Podkarpackiej pod dyrekcj\u0105 Krzesimira D\u0119bskiego, Ch\u00f3r mieszany pod dyrekcj\u0105 El\u017cbiety Krzemi\u0144skiej, Anna Jurksztowicz \u2013 \u015bpiew.<\/p>\n","protected":false},"author":1,"featured_media":1969,"comment_status":"closed","ping_status":"closed","sticky":false,"template":"","format":"standard","meta":{"om_disable_all_campaigns":false,"_monsterinsights_skip_tracking":false,"_monsterinsights_sitenote_active":false,"_monsterinsights_sitenote_note":"","_monsterinsights_sitenote_category":0,"footnotes":""},"categories":[12,5],"tags":[39,32],"class_list":["post-1968","post","type-post","status-publish","format-standard","has-post-thumbnail","hentry","category-aktualnosci","category-zapowiedzi","tag-filharmonia-podkarpacka","tag-krzesimir-debski"],"aioseo_notices":[],"_links":{"self":[{"href":"https:\/\/archiwum.festiwalkresow.pl\/index.php\/wp-json\/wp\/v2\/posts\/1968","targetHints":{"allow":["GET"]}}],"collection":[{"href":"https:\/\/archiwum.festiwalkresow.pl\/index.php\/wp-json\/wp\/v2\/posts"}],"about":[{"href":"https:\/\/archiwum.festiwalkresow.pl\/index.php\/wp-json\/wp\/v2\/types\/post"}],"author":[{"embeddable":true,"href":"https:\/\/archiwum.festiwalkresow.pl\/index.php\/wp-json\/wp\/v2\/users\/1"}],"replies":[{"embeddable":true,"href":"https:\/\/archiwum.festiwalkresow.pl\/index.php\/wp-json\/wp\/v2\/comments?post=1968"}],"version-history":[{"count":1,"href":"https:\/\/archiwum.festiwalkresow.pl\/index.php\/wp-json\/wp\/v2\/posts\/1968\/revisions"}],"predecessor-version":[{"id":1970,"href":"https:\/\/archiwum.festiwalkresow.pl\/index.php\/wp-json\/wp\/v2\/posts\/1968\/revisions\/1970"}],"wp:featuredmedia":[{"embeddable":true,"href":"https:\/\/archiwum.festiwalkresow.pl\/index.php\/wp-json\/wp\/v2\/media\/1969"}],"wp:attachment":[{"href":"https:\/\/archiwum.festiwalkresow.pl\/index.php\/wp-json\/wp\/v2\/media?parent=1968"}],"wp:term":[{"taxonomy":"category","embeddable":true,"href":"https:\/\/archiwum.festiwalkresow.pl\/index.php\/wp-json\/wp\/v2\/categories?post=1968"},{"taxonomy":"post_tag","embeddable":true,"href":"https:\/\/archiwum.festiwalkresow.pl\/index.php\/wp-json\/wp\/v2\/tags?post=1968"}],"curies":[{"name":"wp","href":"https:\/\/api.w.org\/{rel}","templated":true}]}}