{"id":6170,"date":"2021-07-19T10:07:00","date_gmt":"2021-07-19T08:07:00","guid":{"rendered":"https:\/\/archiwum.festiwalkresow.pl\/?p=6170"},"modified":"2021-07-20T08:04:40","modified_gmt":"2021-07-20T06:04:40","slug":"muzyka-barokowa-wybrzmiala-w-baszni-dolnej","status":"publish","type":"post","link":"https:\/\/archiwum.festiwalkresow.pl\/index.php\/2021\/07\/19\/muzyka-barokowa-wybrzmiala-w-baszni-dolnej\/","title":{"rendered":"Muzyka barokowa wybrzmia\u0142a w Baszni Dolnej"},"content":{"rendered":"<p><\/p>\n<p><strong>W sobotni (17.07) wiecz\u00f3r w ko\u015bciele pw. \u015aw. Andrzeja Boboli w Baszni Dolnej mogli\u015bmy pos\u0142ucha\u0107 muzyki barokowej. Utwory zaprezentowa\u0142 nam zesp\u00f3\u0142 interpretator\u00f3w muzyki dawnej, pod kierownictwem profesora&nbsp;W\u0142adys\u0142aw K\u0142osiewcza.&nbsp;<\/strong><\/p>\n\n\n<p class=\"has-text-align-center\"><em>Galeria zdj\u0119\u0107, fot. Micha\u0142 Jab\u0142o\u0144ski.<\/em><\/p>\n\n\n\n<figure class=\"wp-block-gallery columns-3 is-cropped wp-block-gallery-1 is-layout-flex wp-block-gallery-is-layout-flex\"><ul class=\"blocks-gallery-grid\"><li class=\"blocks-gallery-item\"><figure><a href=\"https:\/\/archiwum.festiwalkresow.pl\/wp-content\/uploads\/2021\/07\/festiwal-dziedzictwa-kresow-muzyka-barokowa-002-1.jpg\"><img loading=\"lazy\" decoding=\"async\" width=\"1024\" height=\"683\" src=\"https:\/\/archiwum.festiwalkresow.pl\/wp-content\/uploads\/2021\/07\/festiwal-dziedzictwa-kresow-muzyka-barokowa-002-1-1024x683.jpg\" alt=\"\" data-id=\"6176\" data-full-url=\"https:\/\/archiwum.festiwalkresow.pl\/wp-content\/uploads\/2021\/07\/festiwal-dziedzictwa-kresow-muzyka-barokowa-002-1.jpg\" data-link=\"https:\/\/archiwum.festiwalkresow.pl\/index.php\/2021\/07\/19\/muzyka-barokowa-wybrzmiala-w-baszni-dolnej\/festiwal-dziedzictwa-kresow-muzyka-barokowa-002-1\/\" class=\"wp-image-6176\" srcset=\"https:\/\/archiwum.festiwalkresow.pl\/wp-content\/uploads\/2021\/07\/festiwal-dziedzictwa-kresow-muzyka-barokowa-002-1-1024x683.jpg 1024w, https:\/\/archiwum.festiwalkresow.pl\/wp-content\/uploads\/2021\/07\/festiwal-dziedzictwa-kresow-muzyka-barokowa-002-1-300x200.jpg 300w, https:\/\/archiwum.festiwalkresow.pl\/wp-content\/uploads\/2021\/07\/festiwal-dziedzictwa-kresow-muzyka-barokowa-002-1-768x512.jpg 768w, https:\/\/archiwum.festiwalkresow.pl\/wp-content\/uploads\/2021\/07\/festiwal-dziedzictwa-kresow-muzyka-barokowa-002-1-1536x1024.jpg 1536w, https:\/\/archiwum.festiwalkresow.pl\/wp-content\/uploads\/2021\/07\/festiwal-dziedzictwa-kresow-muzyka-barokowa-002-1.jpg 1600w\" sizes=\"auto, (max-width: 1024px) 100vw, 1024px\" \/><\/a><\/figure><\/li><li class=\"blocks-gallery-item\"><figure><a href=\"https:\/\/archiwum.festiwalkresow.pl\/wp-content\/uploads\/2021\/07\/festiwal-dziedzictwa-kresow-muzyka-barokowa-004-1.jpg\"><img loading=\"lazy\" decoding=\"async\" width=\"1024\" height=\"683\" src=\"https:\/\/archiwum.festiwalkresow.pl\/wp-content\/uploads\/2021\/07\/festiwal-dziedzictwa-kresow-muzyka-barokowa-004-1-1024x683.jpg\" alt=\"\" data-id=\"6177\" data-full-url=\"https:\/\/archiwum.festiwalkresow.pl\/wp-content\/uploads\/2021\/07\/festiwal-dziedzictwa-kresow-muzyka-barokowa-004-1.jpg\" data-link=\"https:\/\/archiwum.festiwalkresow.pl\/index.php\/2021\/07\/19\/muzyka-barokowa-wybrzmiala-w-baszni-dolnej\/festiwal-dziedzictwa-kresow-muzyka-barokowa-004-1\/\" class=\"wp-image-6177\" srcset=\"https:\/\/archiwum.festiwalkresow.pl\/wp-content\/uploads\/2021\/07\/festiwal-dziedzictwa-kresow-muzyka-barokowa-004-1-1024x683.jpg 1024w, https:\/\/archiwum.festiwalkresow.pl\/wp-content\/uploads\/2021\/07\/festiwal-dziedzictwa-kresow-muzyka-barokowa-004-1-300x200.jpg 300w, https:\/\/archiwum.festiwalkresow.pl\/wp-content\/uploads\/2021\/07\/festiwal-dziedzictwa-kresow-muzyka-barokowa-004-1-768x512.jpg 768w, https:\/\/archiwum.festiwalkresow.pl\/wp-content\/uploads\/2021\/07\/festiwal-dziedzictwa-kresow-muzyka-barokowa-004-1-1536x1024.jpg 1536w, https:\/\/archiwum.festiwalkresow.pl\/wp-content\/uploads\/2021\/07\/festiwal-dziedzictwa-kresow-muzyka-barokowa-004-1.jpg 1600w\" sizes=\"auto, (max-width: 1024px) 100vw, 1024px\" \/><\/a><\/figure><\/li><li class=\"blocks-gallery-item\"><figure><a href=\"https:\/\/archiwum.festiwalkresow.pl\/wp-content\/uploads\/2021\/07\/festiwal-dziedzictwa-kresow-muzyka-barokowa-006-1.jpg\"><img loading=\"lazy\" decoding=\"async\" width=\"1024\" height=\"683\" src=\"https:\/\/archiwum.festiwalkresow.pl\/wp-content\/uploads\/2021\/07\/festiwal-dziedzictwa-kresow-muzyka-barokowa-006-1-1024x683.jpg\" alt=\"\" data-id=\"6178\" data-full-url=\"https:\/\/archiwum.festiwalkresow.pl\/wp-content\/uploads\/2021\/07\/festiwal-dziedzictwa-kresow-muzyka-barokowa-006-1.jpg\" data-link=\"https:\/\/archiwum.festiwalkresow.pl\/index.php\/2021\/07\/19\/muzyka-barokowa-wybrzmiala-w-baszni-dolnej\/festiwal-dziedzictwa-kresow-muzyka-barokowa-006-1\/\" class=\"wp-image-6178\" srcset=\"https:\/\/archiwum.festiwalkresow.pl\/wp-content\/uploads\/2021\/07\/festiwal-dziedzictwa-kresow-muzyka-barokowa-006-1-1024x683.jpg 1024w, https:\/\/archiwum.festiwalkresow.pl\/wp-content\/uploads\/2021\/07\/festiwal-dziedzictwa-kresow-muzyka-barokowa-006-1-300x200.jpg 300w, https:\/\/archiwum.festiwalkresow.pl\/wp-content\/uploads\/2021\/07\/festiwal-dziedzictwa-kresow-muzyka-barokowa-006-1-768x512.jpg 768w, https:\/\/archiwum.festiwalkresow.pl\/wp-content\/uploads\/2021\/07\/festiwal-dziedzictwa-kresow-muzyka-barokowa-006-1-1536x1024.jpg 1536w, https:\/\/archiwum.festiwalkresow.pl\/wp-content\/uploads\/2021\/07\/festiwal-dziedzictwa-kresow-muzyka-barokowa-006-1.jpg 1600w\" sizes=\"auto, (max-width: 1024px) 100vw, 1024px\" \/><\/a><\/figure><\/li><li class=\"blocks-gallery-item\"><figure><a href=\"https:\/\/archiwum.festiwalkresow.pl\/wp-content\/uploads\/2021\/07\/festiwal-dziedzictwa-kresow-muzyka-barokowa-009-1.jpg\"><img loading=\"lazy\" decoding=\"async\" width=\"1024\" height=\"683\" src=\"https:\/\/archiwum.festiwalkresow.pl\/wp-content\/uploads\/2021\/07\/festiwal-dziedzictwa-kresow-muzyka-barokowa-009-1-1024x683.jpg\" alt=\"\" data-id=\"6179\" data-full-url=\"https:\/\/archiwum.festiwalkresow.pl\/wp-content\/uploads\/2021\/07\/festiwal-dziedzictwa-kresow-muzyka-barokowa-009-1.jpg\" data-link=\"https:\/\/archiwum.festiwalkresow.pl\/index.php\/2021\/07\/19\/muzyka-barokowa-wybrzmiala-w-baszni-dolnej\/festiwal-dziedzictwa-kresow-muzyka-barokowa-009-1\/\" class=\"wp-image-6179\" srcset=\"https:\/\/archiwum.festiwalkresow.pl\/wp-content\/uploads\/2021\/07\/festiwal-dziedzictwa-kresow-muzyka-barokowa-009-1-1024x683.jpg 1024w, https:\/\/archiwum.festiwalkresow.pl\/wp-content\/uploads\/2021\/07\/festiwal-dziedzictwa-kresow-muzyka-barokowa-009-1-300x200.jpg 300w, https:\/\/archiwum.festiwalkresow.pl\/wp-content\/uploads\/2021\/07\/festiwal-dziedzictwa-kresow-muzyka-barokowa-009-1-768x512.jpg 768w, https:\/\/archiwum.festiwalkresow.pl\/wp-content\/uploads\/2021\/07\/festiwal-dziedzictwa-kresow-muzyka-barokowa-009-1-1536x1024.jpg 1536w, https:\/\/archiwum.festiwalkresow.pl\/wp-content\/uploads\/2021\/07\/festiwal-dziedzictwa-kresow-muzyka-barokowa-009-1.jpg 1600w\" sizes=\"auto, (max-width: 1024px) 100vw, 1024px\" \/><\/a><\/figure><\/li><li class=\"blocks-gallery-item\"><figure><a href=\"https:\/\/archiwum.festiwalkresow.pl\/wp-content\/uploads\/2021\/07\/festiwal-dziedzictwa-kresow-muzyka-barokowa-012-1.jpg\"><img loading=\"lazy\" decoding=\"async\" width=\"1024\" height=\"683\" src=\"https:\/\/archiwum.festiwalkresow.pl\/wp-content\/uploads\/2021\/07\/festiwal-dziedzictwa-kresow-muzyka-barokowa-012-1-1024x683.jpg\" alt=\"\" data-id=\"6180\" data-full-url=\"https:\/\/archiwum.festiwalkresow.pl\/wp-content\/uploads\/2021\/07\/festiwal-dziedzictwa-kresow-muzyka-barokowa-012-1.jpg\" data-link=\"https:\/\/archiwum.festiwalkresow.pl\/index.php\/2021\/07\/19\/muzyka-barokowa-wybrzmiala-w-baszni-dolnej\/festiwal-dziedzictwa-kresow-muzyka-barokowa-012-1\/\" class=\"wp-image-6180\" srcset=\"https:\/\/archiwum.festiwalkresow.pl\/wp-content\/uploads\/2021\/07\/festiwal-dziedzictwa-kresow-muzyka-barokowa-012-1-1024x683.jpg 1024w, https:\/\/archiwum.festiwalkresow.pl\/wp-content\/uploads\/2021\/07\/festiwal-dziedzictwa-kresow-muzyka-barokowa-012-1-300x200.jpg 300w, https:\/\/archiwum.festiwalkresow.pl\/wp-content\/uploads\/2021\/07\/festiwal-dziedzictwa-kresow-muzyka-barokowa-012-1-768x512.jpg 768w, https:\/\/archiwum.festiwalkresow.pl\/wp-content\/uploads\/2021\/07\/festiwal-dziedzictwa-kresow-muzyka-barokowa-012-1-1536x1024.jpg 1536w, https:\/\/archiwum.festiwalkresow.pl\/wp-content\/uploads\/2021\/07\/festiwal-dziedzictwa-kresow-muzyka-barokowa-012-1.jpg 1600w\" sizes=\"auto, (max-width: 1024px) 100vw, 1024px\" \/><\/a><\/figure><\/li><li class=\"blocks-gallery-item\"><figure><a href=\"https:\/\/archiwum.festiwalkresow.pl\/wp-content\/uploads\/2021\/07\/festiwal-dziedzictwa-kresow-muzyka-barokowa-015-1.jpg\"><img loading=\"lazy\" decoding=\"async\" width=\"1024\" height=\"683\" src=\"https:\/\/archiwum.festiwalkresow.pl\/wp-content\/uploads\/2021\/07\/festiwal-dziedzictwa-kresow-muzyka-barokowa-015-1-1024x683.jpg\" alt=\"\" data-id=\"6181\" data-full-url=\"https:\/\/archiwum.festiwalkresow.pl\/wp-content\/uploads\/2021\/07\/festiwal-dziedzictwa-kresow-muzyka-barokowa-015-1.jpg\" data-link=\"https:\/\/archiwum.festiwalkresow.pl\/index.php\/2021\/07\/19\/muzyka-barokowa-wybrzmiala-w-baszni-dolnej\/festiwal-dziedzictwa-kresow-muzyka-barokowa-015-1\/\" class=\"wp-image-6181\" srcset=\"https:\/\/archiwum.festiwalkresow.pl\/wp-content\/uploads\/2021\/07\/festiwal-dziedzictwa-kresow-muzyka-barokowa-015-1-1024x683.jpg 1024w, https:\/\/archiwum.festiwalkresow.pl\/wp-content\/uploads\/2021\/07\/festiwal-dziedzictwa-kresow-muzyka-barokowa-015-1-300x200.jpg 300w, https:\/\/archiwum.festiwalkresow.pl\/wp-content\/uploads\/2021\/07\/festiwal-dziedzictwa-kresow-muzyka-barokowa-015-1-768x512.jpg 768w, https:\/\/archiwum.festiwalkresow.pl\/wp-content\/uploads\/2021\/07\/festiwal-dziedzictwa-kresow-muzyka-barokowa-015-1-1536x1024.jpg 1536w, https:\/\/archiwum.festiwalkresow.pl\/wp-content\/uploads\/2021\/07\/festiwal-dziedzictwa-kresow-muzyka-barokowa-015-1.jpg 1600w\" sizes=\"auto, (max-width: 1024px) 100vw, 1024px\" \/><\/a><\/figure><\/li><li class=\"blocks-gallery-item\"><figure><a href=\"https:\/\/archiwum.festiwalkresow.pl\/wp-content\/uploads\/2021\/07\/festiwal-dziedzictwa-kresow-muzyka-barokowa-016.jpg\"><img loading=\"lazy\" decoding=\"async\" width=\"1024\" height=\"683\" src=\"https:\/\/archiwum.festiwalkresow.pl\/wp-content\/uploads\/2021\/07\/festiwal-dziedzictwa-kresow-muzyka-barokowa-016-1024x683.jpg\" alt=\"\" data-id=\"6182\" data-full-url=\"https:\/\/archiwum.festiwalkresow.pl\/wp-content\/uploads\/2021\/07\/festiwal-dziedzictwa-kresow-muzyka-barokowa-016.jpg\" data-link=\"https:\/\/archiwum.festiwalkresow.pl\/index.php\/2021\/07\/19\/muzyka-barokowa-wybrzmiala-w-baszni-dolnej\/festiwal-dziedzictwa-kresow-muzyka-barokowa-016\/\" class=\"wp-image-6182\" srcset=\"https:\/\/archiwum.festiwalkresow.pl\/wp-content\/uploads\/2021\/07\/festiwal-dziedzictwa-kresow-muzyka-barokowa-016-1024x683.jpg 1024w, https:\/\/archiwum.festiwalkresow.pl\/wp-content\/uploads\/2021\/07\/festiwal-dziedzictwa-kresow-muzyka-barokowa-016-300x200.jpg 300w, https:\/\/archiwum.festiwalkresow.pl\/wp-content\/uploads\/2021\/07\/festiwal-dziedzictwa-kresow-muzyka-barokowa-016-768x512.jpg 768w, https:\/\/archiwum.festiwalkresow.pl\/wp-content\/uploads\/2021\/07\/festiwal-dziedzictwa-kresow-muzyka-barokowa-016-1536x1024.jpg 1536w, https:\/\/archiwum.festiwalkresow.pl\/wp-content\/uploads\/2021\/07\/festiwal-dziedzictwa-kresow-muzyka-barokowa-016.jpg 1600w\" sizes=\"auto, (max-width: 1024px) 100vw, 1024px\" \/><\/a><\/figure><\/li><li class=\"blocks-gallery-item\"><figure><a href=\"https:\/\/archiwum.festiwalkresow.pl\/wp-content\/uploads\/2021\/07\/festiwal-dziedzictwa-kresow-muzyka-barokowa-018.jpg\"><img loading=\"lazy\" decoding=\"async\" width=\"683\" height=\"1024\" src=\"https:\/\/archiwum.festiwalkresow.pl\/wp-content\/uploads\/2021\/07\/festiwal-dziedzictwa-kresow-muzyka-barokowa-018-683x1024.jpg\" alt=\"\" data-id=\"6183\" data-full-url=\"https:\/\/archiwum.festiwalkresow.pl\/wp-content\/uploads\/2021\/07\/festiwal-dziedzictwa-kresow-muzyka-barokowa-018.jpg\" data-link=\"https:\/\/archiwum.festiwalkresow.pl\/index.php\/2021\/07\/19\/muzyka-barokowa-wybrzmiala-w-baszni-dolnej\/festiwal-dziedzictwa-kresow-muzyka-barokowa-018\/\" class=\"wp-image-6183\" srcset=\"https:\/\/archiwum.festiwalkresow.pl\/wp-content\/uploads\/2021\/07\/festiwal-dziedzictwa-kresow-muzyka-barokowa-018-683x1024.jpg 683w, https:\/\/archiwum.festiwalkresow.pl\/wp-content\/uploads\/2021\/07\/festiwal-dziedzictwa-kresow-muzyka-barokowa-018-200x300.jpg 200w, https:\/\/archiwum.festiwalkresow.pl\/wp-content\/uploads\/2021\/07\/festiwal-dziedzictwa-kresow-muzyka-barokowa-018-768x1152.jpg 768w, https:\/\/archiwum.festiwalkresow.pl\/wp-content\/uploads\/2021\/07\/festiwal-dziedzictwa-kresow-muzyka-barokowa-018-1024x1536.jpg 1024w, https:\/\/archiwum.festiwalkresow.pl\/wp-content\/uploads\/2021\/07\/festiwal-dziedzictwa-kresow-muzyka-barokowa-018.jpg 1067w\" sizes=\"auto, (max-width: 683px) 100vw, 683px\" \/><\/a><\/figure><\/li><li class=\"blocks-gallery-item\"><figure><a href=\"https:\/\/archiwum.festiwalkresow.pl\/wp-content\/uploads\/2021\/07\/festiwal-dziedzictwa-kresow-muzyka-barokowa-019-1.jpg\"><img loading=\"lazy\" decoding=\"async\" width=\"1024\" height=\"683\" src=\"https:\/\/archiwum.festiwalkresow.pl\/wp-content\/uploads\/2021\/07\/festiwal-dziedzictwa-kresow-muzyka-barokowa-019-1-1024x683.jpg\" alt=\"\" data-id=\"6184\" data-full-url=\"https:\/\/archiwum.festiwalkresow.pl\/wp-content\/uploads\/2021\/07\/festiwal-dziedzictwa-kresow-muzyka-barokowa-019-1.jpg\" data-link=\"https:\/\/archiwum.festiwalkresow.pl\/index.php\/2021\/07\/19\/muzyka-barokowa-wybrzmiala-w-baszni-dolnej\/festiwal-dziedzictwa-kresow-muzyka-barokowa-019-1\/\" class=\"wp-image-6184\" srcset=\"https:\/\/archiwum.festiwalkresow.pl\/wp-content\/uploads\/2021\/07\/festiwal-dziedzictwa-kresow-muzyka-barokowa-019-1-1024x683.jpg 1024w, https:\/\/archiwum.festiwalkresow.pl\/wp-content\/uploads\/2021\/07\/festiwal-dziedzictwa-kresow-muzyka-barokowa-019-1-300x200.jpg 300w, https:\/\/archiwum.festiwalkresow.pl\/wp-content\/uploads\/2021\/07\/festiwal-dziedzictwa-kresow-muzyka-barokowa-019-1-768x512.jpg 768w, https:\/\/archiwum.festiwalkresow.pl\/wp-content\/uploads\/2021\/07\/festiwal-dziedzictwa-kresow-muzyka-barokowa-019-1-1536x1024.jpg 1536w, https:\/\/archiwum.festiwalkresow.pl\/wp-content\/uploads\/2021\/07\/festiwal-dziedzictwa-kresow-muzyka-barokowa-019-1.jpg 1600w\" sizes=\"auto, (max-width: 1024px) 100vw, 1024px\" \/><\/a><\/figure><\/li><li class=\"blocks-gallery-item\"><figure><a href=\"https:\/\/archiwum.festiwalkresow.pl\/wp-content\/uploads\/2021\/07\/festiwal-dziedzictwa-kresow-muzyka-barokowa-020-1.jpg\"><img loading=\"lazy\" decoding=\"async\" width=\"1024\" height=\"683\" src=\"https:\/\/archiwum.festiwalkresow.pl\/wp-content\/uploads\/2021\/07\/festiwal-dziedzictwa-kresow-muzyka-barokowa-020-1-1024x683.jpg\" alt=\"\" data-id=\"6185\" data-full-url=\"https:\/\/archiwum.festiwalkresow.pl\/wp-content\/uploads\/2021\/07\/festiwal-dziedzictwa-kresow-muzyka-barokowa-020-1.jpg\" data-link=\"https:\/\/archiwum.festiwalkresow.pl\/index.php\/2021\/07\/19\/muzyka-barokowa-wybrzmiala-w-baszni-dolnej\/festiwal-dziedzictwa-kresow-muzyka-barokowa-020-1\/\" class=\"wp-image-6185\" srcset=\"https:\/\/archiwum.festiwalkresow.pl\/wp-content\/uploads\/2021\/07\/festiwal-dziedzictwa-kresow-muzyka-barokowa-020-1-1024x683.jpg 1024w, https:\/\/archiwum.festiwalkresow.pl\/wp-content\/uploads\/2021\/07\/festiwal-dziedzictwa-kresow-muzyka-barokowa-020-1-300x200.jpg 300w, https:\/\/archiwum.festiwalkresow.pl\/wp-content\/uploads\/2021\/07\/festiwal-dziedzictwa-kresow-muzyka-barokowa-020-1-768x512.jpg 768w, https:\/\/archiwum.festiwalkresow.pl\/wp-content\/uploads\/2021\/07\/festiwal-dziedzictwa-kresow-muzyka-barokowa-020-1-1536x1024.jpg 1536w, https:\/\/archiwum.festiwalkresow.pl\/wp-content\/uploads\/2021\/07\/festiwal-dziedzictwa-kresow-muzyka-barokowa-020-1.jpg 1600w\" sizes=\"auto, (max-width: 1024px) 100vw, 1024px\" \/><\/a><\/figure><\/li><li class=\"blocks-gallery-item\"><figure><a href=\"https:\/\/archiwum.festiwalkresow.pl\/wp-content\/uploads\/2021\/07\/festiwal-dziedzictwa-kresow-muzyka-barokowa-024.jpg\"><img loading=\"lazy\" decoding=\"async\" width=\"683\" height=\"1024\" src=\"https:\/\/archiwum.festiwalkresow.pl\/wp-content\/uploads\/2021\/07\/festiwal-dziedzictwa-kresow-muzyka-barokowa-024-683x1024.jpg\" alt=\"\" data-id=\"6186\" data-full-url=\"https:\/\/archiwum.festiwalkresow.pl\/wp-content\/uploads\/2021\/07\/festiwal-dziedzictwa-kresow-muzyka-barokowa-024.jpg\" data-link=\"https:\/\/archiwum.festiwalkresow.pl\/index.php\/2021\/07\/19\/muzyka-barokowa-wybrzmiala-w-baszni-dolnej\/festiwal-dziedzictwa-kresow-muzyka-barokowa-024\/\" class=\"wp-image-6186\" srcset=\"https:\/\/archiwum.festiwalkresow.pl\/wp-content\/uploads\/2021\/07\/festiwal-dziedzictwa-kresow-muzyka-barokowa-024-683x1024.jpg 683w, https:\/\/archiwum.festiwalkresow.pl\/wp-content\/uploads\/2021\/07\/festiwal-dziedzictwa-kresow-muzyka-barokowa-024-200x300.jpg 200w, https:\/\/archiwum.festiwalkresow.pl\/wp-content\/uploads\/2021\/07\/festiwal-dziedzictwa-kresow-muzyka-barokowa-024-768x1152.jpg 768w, https:\/\/archiwum.festiwalkresow.pl\/wp-content\/uploads\/2021\/07\/festiwal-dziedzictwa-kresow-muzyka-barokowa-024-1024x1536.jpg 1024w, https:\/\/archiwum.festiwalkresow.pl\/wp-content\/uploads\/2021\/07\/festiwal-dziedzictwa-kresow-muzyka-barokowa-024.jpg 1067w\" sizes=\"auto, (max-width: 683px) 100vw, 683px\" \/><\/a><\/figure><\/li><li class=\"blocks-gallery-item\"><figure><a href=\"https:\/\/archiwum.festiwalkresow.pl\/wp-content\/uploads\/2021\/07\/festiwal-dziedzictwa-kresow-muzyka-barokowa-026-1.jpg\"><img loading=\"lazy\" decoding=\"async\" width=\"683\" height=\"1024\" src=\"https:\/\/archiwum.festiwalkresow.pl\/wp-content\/uploads\/2021\/07\/festiwal-dziedzictwa-kresow-muzyka-barokowa-026-1-683x1024.jpg\" alt=\"\" data-id=\"6187\" data-full-url=\"https:\/\/archiwum.festiwalkresow.pl\/wp-content\/uploads\/2021\/07\/festiwal-dziedzictwa-kresow-muzyka-barokowa-026-1.jpg\" data-link=\"https:\/\/archiwum.festiwalkresow.pl\/index.php\/2021\/07\/19\/muzyka-barokowa-wybrzmiala-w-baszni-dolnej\/festiwal-dziedzictwa-kresow-muzyka-barokowa-026-1\/\" class=\"wp-image-6187\" srcset=\"https:\/\/archiwum.festiwalkresow.pl\/wp-content\/uploads\/2021\/07\/festiwal-dziedzictwa-kresow-muzyka-barokowa-026-1-683x1024.jpg 683w, https:\/\/archiwum.festiwalkresow.pl\/wp-content\/uploads\/2021\/07\/festiwal-dziedzictwa-kresow-muzyka-barokowa-026-1-200x300.jpg 200w, https:\/\/archiwum.festiwalkresow.pl\/wp-content\/uploads\/2021\/07\/festiwal-dziedzictwa-kresow-muzyka-barokowa-026-1-768x1152.jpg 768w, https:\/\/archiwum.festiwalkresow.pl\/wp-content\/uploads\/2021\/07\/festiwal-dziedzictwa-kresow-muzyka-barokowa-026-1-1024x1536.jpg 1024w, https:\/\/archiwum.festiwalkresow.pl\/wp-content\/uploads\/2021\/07\/festiwal-dziedzictwa-kresow-muzyka-barokowa-026-1.jpg 1067w\" sizes=\"auto, (max-width: 683px) 100vw, 683px\" \/><\/a><\/figure><\/li><li class=\"blocks-gallery-item\"><figure><a href=\"https:\/\/archiwum.festiwalkresow.pl\/wp-content\/uploads\/2021\/07\/festiwal-dziedzictwa-kresow-muzyka-barokowa-029.jpg\"><img loading=\"lazy\" decoding=\"async\" width=\"1024\" height=\"683\" src=\"https:\/\/archiwum.festiwalkresow.pl\/wp-content\/uploads\/2021\/07\/festiwal-dziedzictwa-kresow-muzyka-barokowa-029-1024x683.jpg\" alt=\"\" data-id=\"6188\" data-full-url=\"https:\/\/archiwum.festiwalkresow.pl\/wp-content\/uploads\/2021\/07\/festiwal-dziedzictwa-kresow-muzyka-barokowa-029.jpg\" data-link=\"https:\/\/archiwum.festiwalkresow.pl\/index.php\/2021\/07\/19\/muzyka-barokowa-wybrzmiala-w-baszni-dolnej\/festiwal-dziedzictwa-kresow-muzyka-barokowa-029\/\" class=\"wp-image-6188\" srcset=\"https:\/\/archiwum.festiwalkresow.pl\/wp-content\/uploads\/2021\/07\/festiwal-dziedzictwa-kresow-muzyka-barokowa-029-1024x683.jpg 1024w, https:\/\/archiwum.festiwalkresow.pl\/wp-content\/uploads\/2021\/07\/festiwal-dziedzictwa-kresow-muzyka-barokowa-029-300x200.jpg 300w, https:\/\/archiwum.festiwalkresow.pl\/wp-content\/uploads\/2021\/07\/festiwal-dziedzictwa-kresow-muzyka-barokowa-029-768x512.jpg 768w, https:\/\/archiwum.festiwalkresow.pl\/wp-content\/uploads\/2021\/07\/festiwal-dziedzictwa-kresow-muzyka-barokowa-029-1536x1024.jpg 1536w, https:\/\/archiwum.festiwalkresow.pl\/wp-content\/uploads\/2021\/07\/festiwal-dziedzictwa-kresow-muzyka-barokowa-029.jpg 1600w\" sizes=\"auto, (max-width: 1024px) 100vw, 1024px\" \/><\/a><\/figure><\/li><li class=\"blocks-gallery-item\"><figure><a href=\"https:\/\/archiwum.festiwalkresow.pl\/wp-content\/uploads\/2021\/07\/festiwal-dziedzictwa-kresow-muzyka-barokowa-030-2.jpg\"><img loading=\"lazy\" decoding=\"async\" width=\"1024\" height=\"683\" src=\"https:\/\/archiwum.festiwalkresow.pl\/wp-content\/uploads\/2021\/07\/festiwal-dziedzictwa-kresow-muzyka-barokowa-030-2-1024x683.jpg\" alt=\"\" data-id=\"6189\" data-full-url=\"https:\/\/archiwum.festiwalkresow.pl\/wp-content\/uploads\/2021\/07\/festiwal-dziedzictwa-kresow-muzyka-barokowa-030-2.jpg\" data-link=\"https:\/\/archiwum.festiwalkresow.pl\/index.php\/2021\/07\/19\/muzyka-barokowa-wybrzmiala-w-baszni-dolnej\/festiwal-dziedzictwa-kresow-muzyka-barokowa-030-2\/\" class=\"wp-image-6189\" srcset=\"https:\/\/archiwum.festiwalkresow.pl\/wp-content\/uploads\/2021\/07\/festiwal-dziedzictwa-kresow-muzyka-barokowa-030-2-1024x683.jpg 1024w, https:\/\/archiwum.festiwalkresow.pl\/wp-content\/uploads\/2021\/07\/festiwal-dziedzictwa-kresow-muzyka-barokowa-030-2-300x200.jpg 300w, https:\/\/archiwum.festiwalkresow.pl\/wp-content\/uploads\/2021\/07\/festiwal-dziedzictwa-kresow-muzyka-barokowa-030-2-768x512.jpg 768w, https:\/\/archiwum.festiwalkresow.pl\/wp-content\/uploads\/2021\/07\/festiwal-dziedzictwa-kresow-muzyka-barokowa-030-2-1536x1024.jpg 1536w, https:\/\/archiwum.festiwalkresow.pl\/wp-content\/uploads\/2021\/07\/festiwal-dziedzictwa-kresow-muzyka-barokowa-030-2.jpg 1600w\" sizes=\"auto, (max-width: 1024px) 100vw, 1024px\" \/><\/a><\/figure><\/li><li class=\"blocks-gallery-item\"><figure><a href=\"https:\/\/archiwum.festiwalkresow.pl\/wp-content\/uploads\/2021\/07\/festiwal-dziedzictwa-kresow-muzyka-barokowa-032.jpg\"><img loading=\"lazy\" decoding=\"async\" width=\"1024\" height=\"683\" src=\"https:\/\/archiwum.festiwalkresow.pl\/wp-content\/uploads\/2021\/07\/festiwal-dziedzictwa-kresow-muzyka-barokowa-032-1024x683.jpg\" alt=\"\" data-id=\"6190\" data-full-url=\"https:\/\/archiwum.festiwalkresow.pl\/wp-content\/uploads\/2021\/07\/festiwal-dziedzictwa-kresow-muzyka-barokowa-032.jpg\" data-link=\"https:\/\/archiwum.festiwalkresow.pl\/index.php\/2021\/07\/19\/muzyka-barokowa-wybrzmiala-w-baszni-dolnej\/festiwal-dziedzictwa-kresow-muzyka-barokowa-032\/\" class=\"wp-image-6190\" srcset=\"https:\/\/archiwum.festiwalkresow.pl\/wp-content\/uploads\/2021\/07\/festiwal-dziedzictwa-kresow-muzyka-barokowa-032-1024x683.jpg 1024w, https:\/\/archiwum.festiwalkresow.pl\/wp-content\/uploads\/2021\/07\/festiwal-dziedzictwa-kresow-muzyka-barokowa-032-300x200.jpg 300w, https:\/\/archiwum.festiwalkresow.pl\/wp-content\/uploads\/2021\/07\/festiwal-dziedzictwa-kresow-muzyka-barokowa-032-768x512.jpg 768w, https:\/\/archiwum.festiwalkresow.pl\/wp-content\/uploads\/2021\/07\/festiwal-dziedzictwa-kresow-muzyka-barokowa-032-1536x1024.jpg 1536w, https:\/\/archiwum.festiwalkresow.pl\/wp-content\/uploads\/2021\/07\/festiwal-dziedzictwa-kresow-muzyka-barokowa-032.jpg 1600w\" sizes=\"auto, (max-width: 1024px) 100vw, 1024px\" \/><\/a><\/figure><\/li><li class=\"blocks-gallery-item\"><figure><a href=\"https:\/\/archiwum.festiwalkresow.pl\/wp-content\/uploads\/2021\/07\/festiwal-dziedzictwa-kresow-muzyka-barokowa-033-1.jpg\"><img loading=\"lazy\" decoding=\"async\" width=\"1024\" height=\"683\" src=\"https:\/\/archiwum.festiwalkresow.pl\/wp-content\/uploads\/2021\/07\/festiwal-dziedzictwa-kresow-muzyka-barokowa-033-1-1024x683.jpg\" alt=\"\" data-id=\"6191\" data-full-url=\"https:\/\/archiwum.festiwalkresow.pl\/wp-content\/uploads\/2021\/07\/festiwal-dziedzictwa-kresow-muzyka-barokowa-033-1.jpg\" data-link=\"https:\/\/archiwum.festiwalkresow.pl\/index.php\/2021\/07\/19\/muzyka-barokowa-wybrzmiala-w-baszni-dolnej\/festiwal-dziedzictwa-kresow-muzyka-barokowa-033-1\/\" class=\"wp-image-6191\" srcset=\"https:\/\/archiwum.festiwalkresow.pl\/wp-content\/uploads\/2021\/07\/festiwal-dziedzictwa-kresow-muzyka-barokowa-033-1-1024x683.jpg 1024w, https:\/\/archiwum.festiwalkresow.pl\/wp-content\/uploads\/2021\/07\/festiwal-dziedzictwa-kresow-muzyka-barokowa-033-1-300x200.jpg 300w, https:\/\/archiwum.festiwalkresow.pl\/wp-content\/uploads\/2021\/07\/festiwal-dziedzictwa-kresow-muzyka-barokowa-033-1-768x512.jpg 768w, https:\/\/archiwum.festiwalkresow.pl\/wp-content\/uploads\/2021\/07\/festiwal-dziedzictwa-kresow-muzyka-barokowa-033-1-1536x1024.jpg 1536w, https:\/\/archiwum.festiwalkresow.pl\/wp-content\/uploads\/2021\/07\/festiwal-dziedzictwa-kresow-muzyka-barokowa-033-1.jpg 1600w\" sizes=\"auto, (max-width: 1024px) 100vw, 1024px\" \/><\/a><\/figure><\/li><li class=\"blocks-gallery-item\"><figure><a href=\"https:\/\/archiwum.festiwalkresow.pl\/wp-content\/uploads\/2021\/07\/festiwal-dziedzictwa-kresow-muzyka-barokowa-035-1.jpg\"><img loading=\"lazy\" decoding=\"async\" width=\"1024\" height=\"683\" src=\"https:\/\/archiwum.festiwalkresow.pl\/wp-content\/uploads\/2021\/07\/festiwal-dziedzictwa-kresow-muzyka-barokowa-035-1-1024x683.jpg\" alt=\"\" data-id=\"6192\" data-full-url=\"https:\/\/archiwum.festiwalkresow.pl\/wp-content\/uploads\/2021\/07\/festiwal-dziedzictwa-kresow-muzyka-barokowa-035-1.jpg\" data-link=\"https:\/\/archiwum.festiwalkresow.pl\/index.php\/2021\/07\/19\/muzyka-barokowa-wybrzmiala-w-baszni-dolnej\/festiwal-dziedzictwa-kresow-muzyka-barokowa-035-1\/\" class=\"wp-image-6192\" srcset=\"https:\/\/archiwum.festiwalkresow.pl\/wp-content\/uploads\/2021\/07\/festiwal-dziedzictwa-kresow-muzyka-barokowa-035-1-1024x683.jpg 1024w, https:\/\/archiwum.festiwalkresow.pl\/wp-content\/uploads\/2021\/07\/festiwal-dziedzictwa-kresow-muzyka-barokowa-035-1-300x200.jpg 300w, https:\/\/archiwum.festiwalkresow.pl\/wp-content\/uploads\/2021\/07\/festiwal-dziedzictwa-kresow-muzyka-barokowa-035-1-768x512.jpg 768w, https:\/\/archiwum.festiwalkresow.pl\/wp-content\/uploads\/2021\/07\/festiwal-dziedzictwa-kresow-muzyka-barokowa-035-1-1536x1024.jpg 1536w, https:\/\/archiwum.festiwalkresow.pl\/wp-content\/uploads\/2021\/07\/festiwal-dziedzictwa-kresow-muzyka-barokowa-035-1.jpg 1600w\" sizes=\"auto, (max-width: 1024px) 100vw, 1024px\" \/><\/a><\/figure><\/li><\/ul><\/figure>\n","protected":false},"excerpt":{"rendered":"<p>W sobotni wiecz\u00f3r w ko\u015bciele pw. \u015aw. Andrzeja Boboli w Baszni Dolnej mogli\u015bmy pos\u0142ucha\u0107 muzyki barokowej. Utwory zaprezentowa\u0142 nam zesp\u00f3\u0142 interpretator\u00f3w muzyki dawnej, pod kierownictwem profesora\u00a0W\u0142adys\u0142aw K\u0142osiewcza.<\/p>\n","protected":false},"author":1,"featured_media":6160,"comment_status":"closed","ping_status":"closed","sticky":false,"template":"","format":"standard","meta":{"om_disable_all_campaigns":false,"_monsterinsights_skip_tracking":false,"_monsterinsights_sitenote_active":false,"_monsterinsights_sitenote_note":"","_monsterinsights_sitenote_category":0,"footnotes":""},"categories":[12,48,4],"tags":[127],"class_list":["post-6170","post","type-post","status-publish","format-standard","has-post-thumbnail","hentry","category-aktualnosci","category-galeria","category-relacje","tag-koncert-sakralny"],"aioseo_notices":[],"_links":{"self":[{"href":"https:\/\/archiwum.festiwalkresow.pl\/index.php\/wp-json\/wp\/v2\/posts\/6170","targetHints":{"allow":["GET"]}}],"collection":[{"href":"https:\/\/archiwum.festiwalkresow.pl\/index.php\/wp-json\/wp\/v2\/posts"}],"about":[{"href":"https:\/\/archiwum.festiwalkresow.pl\/index.php\/wp-json\/wp\/v2\/types\/post"}],"author":[{"embeddable":true,"href":"https:\/\/archiwum.festiwalkresow.pl\/index.php\/wp-json\/wp\/v2\/users\/1"}],"replies":[{"embeddable":true,"href":"https:\/\/archiwum.festiwalkresow.pl\/index.php\/wp-json\/wp\/v2\/comments?post=6170"}],"version-history":[{"count":4,"href":"https:\/\/archiwum.festiwalkresow.pl\/index.php\/wp-json\/wp\/v2\/posts\/6170\/revisions"}],"predecessor-version":[{"id":6205,"href":"https:\/\/archiwum.festiwalkresow.pl\/index.php\/wp-json\/wp\/v2\/posts\/6170\/revisions\/6205"}],"wp:featuredmedia":[{"embeddable":true,"href":"https:\/\/archiwum.festiwalkresow.pl\/index.php\/wp-json\/wp\/v2\/media\/6160"}],"wp:attachment":[{"href":"https:\/\/archiwum.festiwalkresow.pl\/index.php\/wp-json\/wp\/v2\/media?parent=6170"}],"wp:term":[{"taxonomy":"category","embeddable":true,"href":"https:\/\/archiwum.festiwalkresow.pl\/index.php\/wp-json\/wp\/v2\/categories?post=6170"},{"taxonomy":"post_tag","embeddable":true,"href":"https:\/\/archiwum.festiwalkresow.pl\/index.php\/wp-json\/wp\/v2\/tags?post=6170"}],"curies":[{"name":"wp","href":"https:\/\/api.w.org\/{rel}","templated":true}]}}