{"id":749,"date":"2017-06-25T10:03:13","date_gmt":"2017-06-25T08:03:13","guid":{"rendered":"http:\/\/archiwum.festiwalkresow.pl\/?p=749"},"modified":"2017-07-25T10:24:46","modified_gmt":"2017-07-25T08:24:46","slug":"koncert-kameralny-na-radruzu-na-inauguracje-festiwalu-dziedzictwa-kresow","status":"publish","type":"post","link":"https:\/\/archiwum.festiwalkresow.pl\/index.php\/2017\/06\/25\/koncert-kameralny-na-radruzu-na-inauguracje-festiwalu-dziedzictwa-kresow\/","title":{"rendered":"Koncert kameralny w Radru\u017cu na inauguracj\u0119 Festiwalu Dziedzictwa Kres\u00f3w"},"content":{"rendered":"<p><strong>Serdecznie zapraszamy w pi\u0105tek 28 lipca 2017 r. do cerkwi pw. \u015bw. Paraskewy w Radru\u017cu na koncert kameralny pt. &#8222;EXSULTATE JUBILATE\u201d. Wyst\u0105pi zesp\u00f3\u0142 Arso Ensamble. Pocz\u0105tek o godz. 19:00.<\/strong><\/p>\n<p><a href=\"http:\/\/archiwum.festiwalkresow.pl\/wp-content\/uploads\/2017\/06\/12688270_10208377979229649_8612998202450126067_n.jpg\"><img loading=\"lazy\" decoding=\"async\" class=\"aligncenter size-full wp-image-750\" src=\"http:\/\/archiwum.festiwalkresow.pl\/wp-content\/uploads\/2017\/06\/12688270_10208377979229649_8612998202450126067_n.jpg\" alt=\"\" width=\"600\" height=\"450\" srcset=\"https:\/\/archiwum.festiwalkresow.pl\/wp-content\/uploads\/2017\/06\/12688270_10208377979229649_8612998202450126067_n.jpg 600w, https:\/\/archiwum.festiwalkresow.pl\/wp-content\/uploads\/2017\/06\/12688270_10208377979229649_8612998202450126067_n-300x225.jpg 300w\" sizes=\"auto, (max-width: 600px) 100vw, 600px\" \/><\/a><\/p>\n<p>Zesp\u00f3\u0142 Arso Ensamble wyst\u0105pi w sk\u0142adzie: ROBERT NA\u015aCISZEWSKI \u2013 skrzypce, OREST TELWACH \u2013 skrzypce, IZABELA TOBIASZ \u2013 alt\u00f3wka, ANNA NA\u015aCISZEWSKA \u2013 wiolonczela, S\u0141AWOMIR UJEK \u2013 kontrabas, ANNA WI\u015aLI\u0143SKA \u2013 s\u0142owo oraz solistka KATARZYNA LISZCZ &#8211; sopran). W programie muzyka kameralna m.in.: G. Rossiniego.<\/p>\n<p>ARSO Ensemble tworz\u0105 koncertmistrzowie i soli\u015bci Orkiestry Filharmonii Podkarpackiej im. Artura Malawskiego w Rzeszowie. Zesp\u00f3\u0142 \u0142\u0105czy w sobie do\u015bwiadczenie zawodowe z m\u0142odzie\u0144cz\u0105 energi\u0105 i zaanga\u017cowaniem, co owocuje doskona\u0142o\u015bci\u0105 techniczn\u0105 i muzyczn\u0105 wra\u017cliwo\u015bci\u0105 wykona\u0144 rzeszowskich kameralist\u00f3w.<\/p>\n","protected":false},"excerpt":{"rendered":"<p>Serdecznie zapraszamy w pi\u0105tek 28 lipca 2017 do cerkwi pw. \u015bw. Paraskewy w Radru\u017cu na koncert kameralny Zesp\u00f3\u0142 Arso Ensamble.<\/p>\n","protected":false},"author":1,"featured_media":0,"comment_status":"closed","ping_status":"closed","sticky":false,"template":"","format":"standard","meta":{"om_disable_all_campaigns":false,"_monsterinsights_skip_tracking":false,"_monsterinsights_sitenote_active":false,"_monsterinsights_sitenote_note":"","_monsterinsights_sitenote_category":0,"footnotes":""},"categories":[12,5],"tags":[27,25,26,28],"class_list":["post-749","post","type-post","status-publish","format-standard","hentry","category-aktualnosci","category-zapowiedzi","tag-cerkiew-w-radruzu","tag-koncert-kameralny","tag-radruz","tag-zespol-arso-ensamble"],"aioseo_notices":[],"_links":{"self":[{"href":"https:\/\/archiwum.festiwalkresow.pl\/index.php\/wp-json\/wp\/v2\/posts\/749","targetHints":{"allow":["GET"]}}],"collection":[{"href":"https:\/\/archiwum.festiwalkresow.pl\/index.php\/wp-json\/wp\/v2\/posts"}],"about":[{"href":"https:\/\/archiwum.festiwalkresow.pl\/index.php\/wp-json\/wp\/v2\/types\/post"}],"author":[{"embeddable":true,"href":"https:\/\/archiwum.festiwalkresow.pl\/index.php\/wp-json\/wp\/v2\/users\/1"}],"replies":[{"embeddable":true,"href":"https:\/\/archiwum.festiwalkresow.pl\/index.php\/wp-json\/wp\/v2\/comments?post=749"}],"version-history":[{"count":7,"href":"https:\/\/archiwum.festiwalkresow.pl\/index.php\/wp-json\/wp\/v2\/posts\/749\/revisions"}],"predecessor-version":[{"id":897,"href":"https:\/\/archiwum.festiwalkresow.pl\/index.php\/wp-json\/wp\/v2\/posts\/749\/revisions\/897"}],"wp:attachment":[{"href":"https:\/\/archiwum.festiwalkresow.pl\/index.php\/wp-json\/wp\/v2\/media?parent=749"}],"wp:term":[{"taxonomy":"category","embeddable":true,"href":"https:\/\/archiwum.festiwalkresow.pl\/index.php\/wp-json\/wp\/v2\/categories?post=749"},{"taxonomy":"post_tag","embeddable":true,"href":"https:\/\/archiwum.festiwalkresow.pl\/index.php\/wp-json\/wp\/v2\/tags?post=749"}],"curies":[{"name":"wp","href":"https:\/\/api.w.org\/{rel}","templated":true}]}}