{"id":7629,"date":"2022-07-05T11:00:00","date_gmt":"2022-07-05T09:00:00","guid":{"rendered":"https:\/\/archiwum.festiwalkresow.pl\/?p=7629"},"modified":"2022-07-11T12:37:09","modified_gmt":"2022-07-11T10:37:09","slug":"na-kresy-po-zdrowie-o-uzdrowiskach-w-szkle-lubieniu-niemirowie-morszynie-truskawcu-i-druskienikach","status":"publish","type":"post","link":"https:\/\/archiwum.festiwalkresow.pl\/index.php\/2022\/07\/05\/na-kresy-po-zdrowie-o-uzdrowiskach-w-szkle-lubieniu-niemirowie-morszynie-truskawcu-i-druskienikach\/","title":{"rendered":"Na Kresy po zdrowie! O uzdrowiskach w Szkle, Lubieniu, Niemirowie, Morszynie, Truskawcu i Druskienikach"},"content":{"rendered":"\n<p><strong>W Muzeum Ziem Wschodnich Dawnej Rzeczypospolitej mo\u017cna ju\u017c zwiedza\u0107 wystaw\u0119 &#8222;Na Kresy po zdrowie! O uzdrowiskach w Szkle, Lubieniu, Niemirowie, Morszynie, Truskawcu i Druskienikach&#8221;. Jej wernisa\u017c mia\u0142 miejsce 1 lipca<\/strong>,<strong> a udzia\u0142 w nim wzi\u0119\u0142y osoby zaanga\u017cowane w organizacj\u0119 naszego Festiwalu &#8211; Wies\u0142aw Kapel &#8211; W\u00f3jt Gminy Lubacz\u00f3w, Anna Kobia\u0142ka &#8211; Dyrektor Gminnej Biblioteki Publicznej z siedzib\u0105 w Baszni Dolnej i Beata Paryniak z Urz\u0119du Gminy Lubacz\u00f3w.<\/strong><\/p>\n\n\n\n<figure class=\"wp-block-image size-large\"><a href=\"https:\/\/archiwum.festiwalkresow.pl\/wp-content\/uploads\/2022\/07\/Na-Kresy-po-zdrowie-wystawa-ublin.jpg\"><img loading=\"lazy\" decoding=\"async\" width=\"1024\" height=\"536\" src=\"https:\/\/archiwum.festiwalkresow.pl\/wp-content\/uploads\/2022\/07\/Na-Kresy-po-zdrowie-wystawa-ublin-1024x536.jpg\" alt=\"\" class=\"wp-image-7630\" srcset=\"https:\/\/archiwum.festiwalkresow.pl\/wp-content\/uploads\/2022\/07\/Na-Kresy-po-zdrowie-wystawa-ublin-1024x536.jpg 1024w, https:\/\/archiwum.festiwalkresow.pl\/wp-content\/uploads\/2022\/07\/Na-Kresy-po-zdrowie-wystawa-ublin-300x157.jpg 300w, https:\/\/archiwum.festiwalkresow.pl\/wp-content\/uploads\/2022\/07\/Na-Kresy-po-zdrowie-wystawa-ublin-768x402.jpg 768w, https:\/\/archiwum.festiwalkresow.pl\/wp-content\/uploads\/2022\/07\/Na-Kresy-po-zdrowie-wystawa-ublin.jpg 1200w\" sizes=\"auto, (max-width: 1024px) 100vw, 1024px\" \/><\/a><\/figure>\n\n\n\n<p>Ekspozycja ma charakter autorsko-kolekcjonerski i prezentuje archiwalia, ikonografi\u0119 oraz muzealia ze zbior\u00f3w Tomasza Kuby Koz\u0142owskiego (pomys\u0142odawcy i autora scenariusza).<br>Zaaran\u017cujemy mi\u0119dzy innymi fragment dworca kolejowego, gabinet zabiegowy oraz charakterystyczne miejsca najpopularniejszego uzdrowiska jakim by\u0142 Truskawiec.<br>Na wystawie zostan\u0105 pokazane r\u00f3wnie\u017c eksponaty ze zbior\u00f3w Muzeum Narodowego w Lublinie oraz materia\u0142y udost\u0119pnione przez Muzeum Narodowe Ziemi Przemyskiej.<\/p>\n\n\n\n<p><strong>Godziny wej\u015b\u0107 na wystaw\u0119:<\/strong><\/p>\n\n\n\n<p>Wtorek-Pi\u0105tek:<br><img loading=\"lazy\" decoding=\"async\" src=\"https:\/\/static.xx.fbcdn.net\/images\/emoji.php\/v9\/t3f\/1.5\/16\/1f570.png\" alt=\"\ud83d\udd70\" width=\"16\" height=\"16\">10.00 i 16.00<\/p>\n\n\n\n<p>Sobota-Niedziela:<br><img loading=\"lazy\" decoding=\"async\" src=\"https:\/\/static.xx.fbcdn.net\/images\/emoji.php\/v9\/t3f\/1.5\/16\/1f570.png\" alt=\"\ud83d\udd70\" width=\"16\" height=\"16\">11.00Czas trwania oprowadzania z przewodnikiem ok. 1h.<\/p>\n\n\n\n<p><strong>Wystawa otwarta od 1 lipca do 31 pa\u017adziernika.<\/strong><br>\u2014<br><strong>Kuratorzy:<\/strong>&nbsp;Tomasz Kuba Koz\u0142owski, dr Marcin Gapski.<br><strong>Organizatorzy:<\/strong>&nbsp;Muzeum Ziem Wschodnich Dawnej Rzeczypospolitej \u2013 oddzia\u0142 Muzeum Narodowego w Lublinie, Dom Spotka\u0144 z Histori\u0105 w Warszawie.<br><strong>Partner:<\/strong>&nbsp;Muzeum Narodowe Ziemi Przemyskiej w Przemy\u015blu.<br><strong>Patroni medialni:<\/strong>&nbsp;TVP Kultura, Radio Lublin, Nowy Tydzie\u0144, Podr\u00f3\u017ce po Kulturze.<br><strong>Sponsorem wystawy jest:<\/strong>&nbsp;MPWiK Lublin.<\/p>\n\n\n\n<p>Wystawa obj\u0119ta patronatem honorowym Ministra Kultury i Dziedzictwa Narodowego prof. Piotra Gli\u0144skiego<\/p>\n","protected":false},"excerpt":{"rendered":"<p>W Muzeum Ziem Wschodnich Dawnej Rzeczypospolitej mo\u017cna ju\u017c zwiedza\u0107 wystaw\u0119 &#8222;Na Kresy po zdrowie! O uzdrowiskach w Szkle, Lubieniu, Niemirowie, Morszynie, Truskawcu i Druskienikach&#8221;. Jej wernisa\u017c mia\u0142 miejsce 1 lipca.<\/p>\n","protected":false},"author":1,"featured_media":7630,"comment_status":"closed","ping_status":"closed","sticky":false,"template":"","format":"standard","meta":{"om_disable_all_campaigns":false,"_monsterinsights_skip_tracking":false,"_monsterinsights_sitenote_active":false,"_monsterinsights_sitenote_note":"","_monsterinsights_sitenote_category":0,"footnotes":""},"categories":[12,4],"tags":[],"class_list":["post-7629","post","type-post","status-publish","format-standard","has-post-thumbnail","hentry","category-aktualnosci","category-relacje"],"aioseo_notices":[],"_links":{"self":[{"href":"https:\/\/archiwum.festiwalkresow.pl\/index.php\/wp-json\/wp\/v2\/posts\/7629","targetHints":{"allow":["GET"]}}],"collection":[{"href":"https:\/\/archiwum.festiwalkresow.pl\/index.php\/wp-json\/wp\/v2\/posts"}],"about":[{"href":"https:\/\/archiwum.festiwalkresow.pl\/index.php\/wp-json\/wp\/v2\/types\/post"}],"author":[{"embeddable":true,"href":"https:\/\/archiwum.festiwalkresow.pl\/index.php\/wp-json\/wp\/v2\/users\/1"}],"replies":[{"embeddable":true,"href":"https:\/\/archiwum.festiwalkresow.pl\/index.php\/wp-json\/wp\/v2\/comments?post=7629"}],"version-history":[{"count":2,"href":"https:\/\/archiwum.festiwalkresow.pl\/index.php\/wp-json\/wp\/v2\/posts\/7629\/revisions"}],"predecessor-version":[{"id":7667,"href":"https:\/\/archiwum.festiwalkresow.pl\/index.php\/wp-json\/wp\/v2\/posts\/7629\/revisions\/7667"}],"wp:featuredmedia":[{"embeddable":true,"href":"https:\/\/archiwum.festiwalkresow.pl\/index.php\/wp-json\/wp\/v2\/media\/7630"}],"wp:attachment":[{"href":"https:\/\/archiwum.festiwalkresow.pl\/index.php\/wp-json\/wp\/v2\/media?parent=7629"}],"wp:term":[{"taxonomy":"category","embeddable":true,"href":"https:\/\/archiwum.festiwalkresow.pl\/index.php\/wp-json\/wp\/v2\/categories?post=7629"},{"taxonomy":"post_tag","embeddable":true,"href":"https:\/\/archiwum.festiwalkresow.pl\/index.php\/wp-json\/wp\/v2\/tags?post=7629"}],"curies":[{"name":"wp","href":"https:\/\/api.w.org\/{rel}","templated":true}]}}