{"id":7642,"date":"2022-07-08T13:20:57","date_gmt":"2022-07-08T11:20:57","guid":{"rendered":"https:\/\/archiwum.festiwalkresow.pl\/?p=7642"},"modified":"2022-07-16T14:40:35","modified_gmt":"2022-07-16T12:40:35","slug":"wydarzenia-poprzedzajace-festiwal-dziedzictwa-kresow","status":"publish","type":"post","link":"https:\/\/archiwum.festiwalkresow.pl\/index.php\/2022\/07\/08\/wydarzenia-poprzedzajace-festiwal-dziedzictwa-kresow\/","title":{"rendered":"Wydarzenia poprzedzaj\u0105ce Festiwal Dziedzictwa Kres\u00f3w &#8211; zapraszamy"},"content":{"rendered":"\n<figure class=\"wp-block-image size-large\"><img loading=\"lazy\" decoding=\"async\" width=\"1024\" height=\"681\" src=\"https:\/\/archiwum.festiwalkresow.pl\/wp-content\/uploads\/2021\/07\/PN101924-1024x681.jpg\" alt=\"\" class=\"wp-image-6398\" srcset=\"https:\/\/archiwum.festiwalkresow.pl\/wp-content\/uploads\/2021\/07\/PN101924-1024x681.jpg 1024w, https:\/\/archiwum.festiwalkresow.pl\/wp-content\/uploads\/2021\/07\/PN101924-300x200.jpg 300w, https:\/\/archiwum.festiwalkresow.pl\/wp-content\/uploads\/2021\/07\/PN101924-768x511.jpg 768w, https:\/\/archiwum.festiwalkresow.pl\/wp-content\/uploads\/2021\/07\/PN101924-1536x1021.jpg 1536w, https:\/\/archiwum.festiwalkresow.pl\/wp-content\/uploads\/2021\/07\/PN101924.jpg 1600w\" sizes=\"auto, (max-width: 1024px) 100vw, 1024px\" \/><\/figure>\n\n\n\n<p><strong>Zach\u0119camy do uczestnictwa w nadchodz\u0105cych wydarzeniach cyklu prefestiwalowego. Od niedzieli 10 lipca w<strong> naszej gminie i s\u0105siednich&nbsp;zorganizowali\u015bmy ciekawe inicjatywy.<\/strong><\/strong><\/p>\n\n\n\n<h2 class=\"has-text-align-center wp-block-heading\"><strong>WYDARZENIA PREFESTIWALOWE<\/strong><\/h2>\n\n\n\n<p class=\"has-text-align-center\"><strong><u>Pi\u0105tek 1.07.2022<\/u><\/strong><\/p>\n\n\n\n<p><strong>Lublin, Muzeum Ziem Wschodnich Dawnej Rzeczypospolitej, Plac Litewski 3<\/strong><\/p>\n\n\n\n<p><strong>Godz. 11.00<\/strong> &#8211; \u201eNa Kresy po zdrowie. O uzdrowiskach w Szkle, Lubieniu, Niemirowie, Morszynie, Truskawcu i Druskienikach\u201d- wernisa\u017c wystawy po\u015bwi\u0119conej uzdrowiskom na Kresach w XIX i XX wieku, prezentuj\u0105cej kilkaset oryginalnych obiekt\u00f3w ze zbior\u00f3w prywatnych i publicznych. Wystawa b\u0119dzie czynna do 31 pa\u017adziernika. &nbsp;&nbsp;&nbsp;&nbsp;&nbsp;<\/p>\n\n\n\n<p><strong>&nbsp;&nbsp;&nbsp;&nbsp;&nbsp;&nbsp;&nbsp;&nbsp;&nbsp;&nbsp;&nbsp;&nbsp;&nbsp;&nbsp;&nbsp;&nbsp;&nbsp;&nbsp;&nbsp;&nbsp;&nbsp;&nbsp;&nbsp;&nbsp;&nbsp;&nbsp;&nbsp;&nbsp;&nbsp;&nbsp;&nbsp;&nbsp;&nbsp;&nbsp;&nbsp;&nbsp;&nbsp;&nbsp;&nbsp;&nbsp;&nbsp;&nbsp;&nbsp;&nbsp;&nbsp;&nbsp;&nbsp;&nbsp;&nbsp;&nbsp;&nbsp;&nbsp;&nbsp;&nbsp;&nbsp;&nbsp;&nbsp;&nbsp;&nbsp;&nbsp;&nbsp;&nbsp;&nbsp;&nbsp;&nbsp;&nbsp;&nbsp;&nbsp;&nbsp;&nbsp; <u>Sobota 9.07.2022<\/u><\/strong><\/p>\n\n\n\n<p><strong>Lubacz\u00f3w, Pa\u0144stwowa Szko\u0142a Muzyczna im. K. Komedy ul. Rynek 24<\/strong><\/p>\n\n\n\n<p><strong>Godz. 18.00<\/strong>&nbsp;&#8211; Koncert Zespo\u0142u Chawira z Krakowa.<\/p>\n\n\n\n<p class=\"has-text-align-center\"><strong><u>Niedziela 10 lipca 2022<\/u><\/strong><\/p>\n\n\n\n<p><strong>Basznia Dolna, Kresowa Osada ul. Kolejowa 16<\/strong><\/p>\n\n\n\n<p><strong>Godz. 18.00<\/strong>&nbsp;&#8211;&nbsp;Koncert akordeonowy Weroniki Sury.<\/p>\n\n\n\n<p class=\"has-text-align-center\"><strong><u>Poniedzia\u0142ek 11.07.2022<\/u><\/strong><\/p>\n\n\n\n<p><strong>Lubacz\u00f3w, Konkatedra im. b\u0142. Jakuba Strzemi\u0119, ul.&nbsp; T. Ko\u015bciuszki 2<\/strong><\/p>\n\n\n\n<p>Uroczysto\u015bci zwi\u0105zane z Narodowym Dniem Pami\u0119ci Ofiar ludob\u00f3jstwa dokonanego przez ukrai\u0144skich nacjonalist\u00f3w na obywatelach II Rzeczypospolitej Polskiej:<\/p>\n\n\n\n<p><strong>Godz. 18.00 <\/strong>&#8211;&nbsp;Msza \u015bw. W Sanktuarium MB \u0141askawej<\/p>\n\n\n\n<p>&nbsp;&#8211; z\u0142o\u017cenie kwiat\u00f3w pod tablic\u0105 upami\u0119tniaj\u0105c\u0105 pomordowanych, zam\u0119czonych i wyp\u0119dzonych Polak\u00f3w z Kres\u00f3w Po\u0142udniowo-Wschodnich Rzeczypospolitej przez ukrai\u0144skich nacjonalist\u00f3w z OUN-UPA w latach 1939-1947,<\/p>\n\n\n\n<p>&#8211; Marsz Pami\u0119ci i z\u0142o\u017cenie kwiat\u00f3w pod Pomnikiem Niepodleg\u0142o\u015bci.<\/p>\n\n\n\n<p class=\"has-text-align-center\"><strong><u>Czwartek 14. 07. 2022<\/u><\/strong><\/p>\n\n\n\n<p><strong>Basznia Dolna, Kresowa Osada,&nbsp;\u201ePrzystanek Kresy\u201d<\/strong><\/p>\n\n\n\n<p><strong>Godz. 17.00<\/strong>&nbsp;&#8211; \u201eKulinarne tradycje kresowe\u201d seminarium dla K\u00f3\u0142 Gospody\u0144 Wiejskich przygotowuj\u0105ce do udzia\u0142u w konkursie Kresowe Jad\u0142o.<\/p>\n\n\n\n<p class=\"has-text-align-center\"><strong><u>Pi\u0105tek 15.07.2022<\/u><\/strong><\/p>\n\n\n\n<p><strong>Przemy\u015bl, Muzeum Narodowe Ziemi Przemyskiej, Plac Berka Joselewicza 1<\/strong><\/p>\n\n\n\n<p><strong>Godz. 17.00<\/strong>&nbsp;&#8211; Wernisa\u017c wystawy \u201eBorys\u0142awsko-Drohobycka ziemia obiecana. O przemy\u015ble naftowym na Kresach\u201d przypominaj\u0105cej w Roku \u0141ukasiewicza tradycje i osi\u0105gni\u0119cia przemys\u0142u naftowego w zag\u0142\u0119biu borys\u0142awsko-drohobyckim.&nbsp;Wystawa b\u0119dzie czynna do 15 wrze\u015bnia.<\/p>\n\n\n\n<p class=\"has-text-align-center\"><strong><u>Sobota 16.07.2022<\/u><\/strong><\/p>\n\n\n\n<p><strong>Narol, Cerkiew na Krupcu<\/strong><\/p>\n\n\n\n<p><strong>Godz. 20.30<\/strong>&nbsp;&#8211; <a href=\"https:\/\/archiwum.festiwalkresow.pl\/index.php\/2022\/07\/09\/wojtek-mazolweski-yugen-zapraszamy-na-koncert-jazzowy\/\">Wojtek Mazolweski Yugen &#8211; koncert jazzowy<\/a>.<\/p>\n\n\n\n<p class=\"has-text-align-center\"><strong><u>Niedziela 17.07.2022<\/u><\/strong><\/p>\n\n\n\n<p><strong>Basznia Dolna, Ko\u015bci\u00f3\u0142 pw. \u015aw. Andrzeja Boboli, ul. Mierzwy 1<\/strong><\/p>\n\n\n\n<p><strong>Godz. 17.00<\/strong>&nbsp;&#8211; Otwarcie Wikar\u00f3wki \u2013 dawnej plebanii.<\/p>\n\n\n\n<p><strong>Godz. 18.00 <\/strong>&#8211;&nbsp;<a href=\"https:\/\/archiwum.festiwalkresow.pl\/index.php\/2022\/07\/15\/perly-muzyki-polskiej-w-baszni-dolnej\/\">\u201ePer\u0142y muzyki polskiej\u201d \u2013 koncert pie\u015bni Moniuszki, Niewiadomskiego, Paderewskiego, Kar\u0142owicza i Chopina&nbsp; w wykonaniu muzyk\u00f3w Polskiej Opery Kr\u00f3lewskiej<\/a>.<\/p>\n\n\n\n<p class=\"has-text-align-center\"><strong><u>Niedziela 24.07.2022<\/u><\/strong><\/p>\n\n\n\n<p><strong>Basznia Dolna, Stacja Basznia<\/strong><\/p>\n\n\n\n<p><strong>Godz. 10.00<\/strong> &#8211; Otwarcie Galerii kolejnictwa \u2013 Stacja Basznia.<\/p>\n\n\n\n<p><strong>Godz. 14.00<\/strong> &#8211; Piknik Kolejowy.<\/p>\n\n\n\n<p><strong>Basznia Dolna, Kresowa Osada<\/strong><\/p>\n\n\n\n<p><strong>Godz. 19.00<\/strong> &#8211; <a href=\"https:\/\/archiwum.festiwalkresow.pl\/index.php\/2022\/07\/09\/zapraszamy-na-recital-harfowy-julii-lopuszynskiej\/\">Julia \u0141opuszy\u0144ska \u2013 recital harfowy. W programie m.in. G.F. Haendel, G. Fouret<\/a>.<\/p>\n\n\n\n<p class=\"has-text-align-center\"><strong><u>\u015aroda 27.07.2022<\/u><\/strong><\/p>\n\n\n\n<p><strong>Basznia Dolna, Kresowa Osada<\/strong><\/p>\n\n\n\n<p><strong>Godz. 18.00<\/strong>&nbsp;&#8211; <a href=\"https:\/\/archiwum.festiwalkresow.pl\/index.php\/2022\/07\/13\/poznaj-kuchnie-maroka-wez-udzial-w-warsztatach-kulinarnych\/\">\u201eBezkresy Smak\u00f3w \u2013 kuchnie \u015bwiata\u201d- warsztaty kulinarne&nbsp; (kuchnia maroka\u0144ska)<\/a>.<\/p>\n","protected":false},"excerpt":{"rendered":"<p>Zach\u0119camy do uczestnictwa w nadchodz\u0105cych wydarzeniach cyklu prefestiwalowego. Od niedzieli 10 lipca w naszej gminie i s\u0105siednich zorganizowali\u015bmy ciekawe inicjatywy.<\/p>\n","protected":false},"author":1,"featured_media":6398,"comment_status":"closed","ping_status":"closed","sticky":false,"template":"","format":"standard","meta":{"om_disable_all_campaigns":false,"_monsterinsights_skip_tracking":false,"_monsterinsights_sitenote_active":false,"_monsterinsights_sitenote_note":"","_monsterinsights_sitenote_category":0,"footnotes":""},"categories":[12,5],"tags":[25,40],"class_list":["post-7642","post","type-post","status-publish","format-standard","has-post-thumbnail","hentry","category-aktualnosci","category-zapowiedzi","tag-koncert-kameralny","tag-koncert-lubaczow"],"aioseo_notices":[],"_links":{"self":[{"href":"https:\/\/archiwum.festiwalkresow.pl\/index.php\/wp-json\/wp\/v2\/posts\/7642","targetHints":{"allow":["GET"]}}],"collection":[{"href":"https:\/\/archiwum.festiwalkresow.pl\/index.php\/wp-json\/wp\/v2\/posts"}],"about":[{"href":"https:\/\/archiwum.festiwalkresow.pl\/index.php\/wp-json\/wp\/v2\/types\/post"}],"author":[{"embeddable":true,"href":"https:\/\/archiwum.festiwalkresow.pl\/index.php\/wp-json\/wp\/v2\/users\/1"}],"replies":[{"embeddable":true,"href":"https:\/\/archiwum.festiwalkresow.pl\/index.php\/wp-json\/wp\/v2\/comments?post=7642"}],"version-history":[{"count":15,"href":"https:\/\/archiwum.festiwalkresow.pl\/index.php\/wp-json\/wp\/v2\/posts\/7642\/revisions"}],"predecessor-version":[{"id":7763,"href":"https:\/\/archiwum.festiwalkresow.pl\/index.php\/wp-json\/wp\/v2\/posts\/7642\/revisions\/7763"}],"wp:featuredmedia":[{"embeddable":true,"href":"https:\/\/archiwum.festiwalkresow.pl\/index.php\/wp-json\/wp\/v2\/media\/6398"}],"wp:attachment":[{"href":"https:\/\/archiwum.festiwalkresow.pl\/index.php\/wp-json\/wp\/v2\/media?parent=7642"}],"wp:term":[{"taxonomy":"category","embeddable":true,"href":"https:\/\/archiwum.festiwalkresow.pl\/index.php\/wp-json\/wp\/v2\/categories?post=7642"},{"taxonomy":"post_tag","embeddable":true,"href":"https:\/\/archiwum.festiwalkresow.pl\/index.php\/wp-json\/wp\/v2\/tags?post=7642"}],"curies":[{"name":"wp","href":"https:\/\/api.w.org\/{rel}","templated":true}]}}