{"id":7654,"date":"2022-07-09T09:37:16","date_gmt":"2022-07-09T07:37:16","guid":{"rendered":"https:\/\/archiwum.festiwalkresow.pl\/?p=7654"},"modified":"2022-07-20T07:53:42","modified_gmt":"2022-07-20T05:53:42","slug":"zapraszamy-na-recital-harfowy-julii-lopuszynskiej","status":"publish","type":"post","link":"https:\/\/archiwum.festiwalkresow.pl\/index.php\/2022\/07\/09\/zapraszamy-na-recital-harfowy-julii-lopuszynskiej\/","title":{"rendered":"Zapraszamy na recital harfowy Julii \u0141opuszy\u0144skiej"},"content":{"rendered":"\n<p><strong>W niedziel\u0119 24 lipca zapraszamy do Kresowej Osady w Baszni Dolnej na recital harfowy Julii \u0141opuszy\u0144skiej. W programie m.in. G.F. Haendel, G. Fouret.<\/strong> <strong>Pocz\u0105tek koncertu o godz. 18:00.<\/strong><\/p>\n\n\n\n<figure class=\"wp-block-image size-large\"><a href=\"https:\/\/archiwum.festiwalkresow.pl\/wp-content\/uploads\/2022\/07\/julia-lopuszanska.jpg\"><img loading=\"lazy\" decoding=\"async\" width=\"1024\" height=\"770\" src=\"https:\/\/archiwum.festiwalkresow.pl\/wp-content\/uploads\/2022\/07\/julia-lopuszanska-1024x770.jpg\" alt=\"\" class=\"wp-image-7655\" srcset=\"https:\/\/archiwum.festiwalkresow.pl\/wp-content\/uploads\/2022\/07\/julia-lopuszanska-1024x770.jpg 1024w, https:\/\/archiwum.festiwalkresow.pl\/wp-content\/uploads\/2022\/07\/julia-lopuszanska-300x226.jpg 300w, https:\/\/archiwum.festiwalkresow.pl\/wp-content\/uploads\/2022\/07\/julia-lopuszanska-768x578.jpg 768w, https:\/\/archiwum.festiwalkresow.pl\/wp-content\/uploads\/2022\/07\/julia-lopuszanska.jpg 1109w\" sizes=\"auto, (max-width: 1024px) 100vw, 1024px\" \/><\/a><\/figure>\n\n\n\n<p>Julia \u0141opuszy\u0144ska urodzi\u0142a si\u0119 w Warszawie w 1995 roku. W wieku 7 lat rozpocz\u0119\u0142a edukacj\u0119 muzyczn\u0105 na skrzypcach, harfie i fortepianie, a przez pierwsze 12 lat swojej edukacji muzycznej by\u0142a prowadzona przez polsk\u0105 harfistk\u0119 prof. Ann\u0119 Sikorzak-Olek. W 2014 roku Julia rozpocz\u0119\u0142a nauk\u0119 na Akademii Muzycznej w Katowicach u prof. Helgi Storck. Studiowa\u0142a na Uniwersytecie Muzycznym Fryderyka Chopina w Warszawie, Z\u00fcrcher Hochschule der Kunst u prof. Sarah O\u2019brien.<\/p>\n","protected":false},"excerpt":{"rendered":"<p>W niedziel\u0119 24 lipca zapraszamy do Kresowej Osady w Baszni Dolnej na recital harfowy Julii \u0141opuszy\u0144skiej. W programie m.in. G.F. Haendel, G. Fouret.<\/p>\n","protected":false},"author":1,"featured_media":7655,"comment_status":"closed","ping_status":"closed","sticky":false,"template":"","format":"standard","meta":{"om_disable_all_campaigns":false,"_monsterinsights_skip_tracking":false,"_monsterinsights_sitenote_active":false,"_monsterinsights_sitenote_note":"","_monsterinsights_sitenote_category":0,"footnotes":""},"categories":[12,5],"tags":[25],"class_list":["post-7654","post","type-post","status-publish","format-standard","has-post-thumbnail","hentry","category-aktualnosci","category-zapowiedzi","tag-koncert-kameralny"],"aioseo_notices":[],"_links":{"self":[{"href":"https:\/\/archiwum.festiwalkresow.pl\/index.php\/wp-json\/wp\/v2\/posts\/7654","targetHints":{"allow":["GET"]}}],"collection":[{"href":"https:\/\/archiwum.festiwalkresow.pl\/index.php\/wp-json\/wp\/v2\/posts"}],"about":[{"href":"https:\/\/archiwum.festiwalkresow.pl\/index.php\/wp-json\/wp\/v2\/types\/post"}],"author":[{"embeddable":true,"href":"https:\/\/archiwum.festiwalkresow.pl\/index.php\/wp-json\/wp\/v2\/users\/1"}],"replies":[{"embeddable":true,"href":"https:\/\/archiwum.festiwalkresow.pl\/index.php\/wp-json\/wp\/v2\/comments?post=7654"}],"version-history":[{"count":5,"href":"https:\/\/archiwum.festiwalkresow.pl\/index.php\/wp-json\/wp\/v2\/posts\/7654\/revisions"}],"predecessor-version":[{"id":7930,"href":"https:\/\/archiwum.festiwalkresow.pl\/index.php\/wp-json\/wp\/v2\/posts\/7654\/revisions\/7930"}],"wp:featuredmedia":[{"embeddable":true,"href":"https:\/\/archiwum.festiwalkresow.pl\/index.php\/wp-json\/wp\/v2\/media\/7655"}],"wp:attachment":[{"href":"https:\/\/archiwum.festiwalkresow.pl\/index.php\/wp-json\/wp\/v2\/media?parent=7654"}],"wp:term":[{"taxonomy":"category","embeddable":true,"href":"https:\/\/archiwum.festiwalkresow.pl\/index.php\/wp-json\/wp\/v2\/categories?post=7654"},{"taxonomy":"post_tag","embeddable":true,"href":"https:\/\/archiwum.festiwalkresow.pl\/index.php\/wp-json\/wp\/v2\/tags?post=7654"}],"curies":[{"name":"wp","href":"https:\/\/api.w.org\/{rel}","templated":true}]}}