{"id":7757,"date":"2022-07-15T10:46:17","date_gmt":"2022-07-15T08:46:17","guid":{"rendered":"https:\/\/archiwum.festiwalkresow.pl\/?p=7757"},"modified":"2022-07-15T10:50:00","modified_gmt":"2022-07-15T08:50:00","slug":"perly-muzyki-polskiej-w-baszni-dolnej","status":"publish","type":"post","link":"https:\/\/archiwum.festiwalkresow.pl\/index.php\/2022\/07\/15\/perly-muzyki-polskiej-w-baszni-dolnej\/","title":{"rendered":"&#8222;Per\u0142y Muzyki Polskiej&#8221; w Baszni Dolnej"},"content":{"rendered":"\n<p><strong>W niedziel\u0119 17 lipca zapraszamy do Baszni Dolnej na koncert &#8222;Per\u0142y Muzyki Polskiej&#8221; oraz otwarcie dawanej plebani.<\/strong><\/p>\n\n\n\n<p>Niedzielne wydarzenia festiwalowe rozpoczniemy o godz. 16:30 od otwarcia dawnej plebanii. Nast\u0119pnie o godz. 18:00 w ko\u015bciele pw. \u015aw. Andrzeja Boboli rozpocznie si\u0119 koncert &#8222;Per\u0142y Muzyki Polskiej&#8221;. W \u015bwi\u0105tyni us\u0142yszymy pie\u015bni Chopina, Moniuszki, Kar\u0142owicza, Paderwskiego oraz kwartet smyczkowy d-moll op.9 Zygmunta Nosowskiego w wykonaniu Artyst\u00f3w Opery Kr\u00f3lewskiej.<\/p>\n\n\n\n<p>Wst\u0119p wolny, zapraszamy!<\/p>\n\n\n\n<figure class=\"wp-block-image size-large\"><img loading=\"lazy\" decoding=\"async\" width=\"727\" height=\"1024\" src=\"https:\/\/archiwum.festiwalkresow.pl\/wp-content\/uploads\/2022\/07\/koncert-basznia-727x1024.jpg\" alt=\"\" class=\"wp-image-7758\" srcset=\"https:\/\/archiwum.festiwalkresow.pl\/wp-content\/uploads\/2022\/07\/koncert-basznia-727x1024.jpg 727w, https:\/\/archiwum.festiwalkresow.pl\/wp-content\/uploads\/2022\/07\/koncert-basznia-213x300.jpg 213w, https:\/\/archiwum.festiwalkresow.pl\/wp-content\/uploads\/2022\/07\/koncert-basznia-768x1082.jpg 768w, https:\/\/archiwum.festiwalkresow.pl\/wp-content\/uploads\/2022\/07\/koncert-basznia-1091x1536.jpg 1091w, https:\/\/archiwum.festiwalkresow.pl\/wp-content\/uploads\/2022\/07\/koncert-basznia.jpg 1200w\" sizes=\"auto, (max-width: 727px) 100vw, 727px\" \/><\/figure>\n","protected":false},"excerpt":{"rendered":"<p>W niedziel\u0119 17 lipca zapraszamy do Baszni Dolnej na koncert &#8222;Per\u0142y Muzyki Polskiej&#8221; oraz otwarcie dawanej plebani.<\/p>\n","protected":false},"author":1,"featured_media":7759,"comment_status":"closed","ping_status":"closed","sticky":false,"template":"","format":"standard","meta":{"om_disable_all_campaigns":false,"_monsterinsights_skip_tracking":false,"_monsterinsights_sitenote_active":false,"_monsterinsights_sitenote_note":"","_monsterinsights_sitenote_category":0,"footnotes":""},"categories":[12,5],"tags":[127],"class_list":["post-7757","post","type-post","status-publish","format-standard","has-post-thumbnail","hentry","category-aktualnosci","category-zapowiedzi","tag-koncert-sakralny"],"aioseo_notices":[],"_links":{"self":[{"href":"https:\/\/archiwum.festiwalkresow.pl\/index.php\/wp-json\/wp\/v2\/posts\/7757","targetHints":{"allow":["GET"]}}],"collection":[{"href":"https:\/\/archiwum.festiwalkresow.pl\/index.php\/wp-json\/wp\/v2\/posts"}],"about":[{"href":"https:\/\/archiwum.festiwalkresow.pl\/index.php\/wp-json\/wp\/v2\/types\/post"}],"author":[{"embeddable":true,"href":"https:\/\/archiwum.festiwalkresow.pl\/index.php\/wp-json\/wp\/v2\/users\/1"}],"replies":[{"embeddable":true,"href":"https:\/\/archiwum.festiwalkresow.pl\/index.php\/wp-json\/wp\/v2\/comments?post=7757"}],"version-history":[{"count":2,"href":"https:\/\/archiwum.festiwalkresow.pl\/index.php\/wp-json\/wp\/v2\/posts\/7757\/revisions"}],"predecessor-version":[{"id":7762,"href":"https:\/\/archiwum.festiwalkresow.pl\/index.php\/wp-json\/wp\/v2\/posts\/7757\/revisions\/7762"}],"wp:featuredmedia":[{"embeddable":true,"href":"https:\/\/archiwum.festiwalkresow.pl\/index.php\/wp-json\/wp\/v2\/media\/7759"}],"wp:attachment":[{"href":"https:\/\/archiwum.festiwalkresow.pl\/index.php\/wp-json\/wp\/v2\/media?parent=7757"}],"wp:term":[{"taxonomy":"category","embeddable":true,"href":"https:\/\/archiwum.festiwalkresow.pl\/index.php\/wp-json\/wp\/v2\/categories?post=7757"},{"taxonomy":"post_tag","embeddable":true,"href":"https:\/\/archiwum.festiwalkresow.pl\/index.php\/wp-json\/wp\/v2\/tags?post=7757"}],"curies":[{"name":"wp","href":"https:\/\/api.w.org\/{rel}","templated":true}]}}