{"id":839,"date":"2017-07-12T09:42:04","date_gmt":"2017-07-12T07:42:04","guid":{"rendered":"https:\/\/archiwum.festiwalkresow.pl\/?p=839"},"modified":"2017-07-24T10:02:26","modified_gmt":"2017-07-24T08:02:26","slug":"krzesimir-debski-w-lubaczowie","status":"publish","type":"post","link":"https:\/\/archiwum.festiwalkresow.pl\/index.php\/2017\/07\/12\/krzesimir-debski-w-lubaczowie\/","title":{"rendered":"Krzesimir D\u0119bski zago\u015bci w Lubaczowie"},"content":{"rendered":"<p><strong>W ramach tegorocznego Festiwalu Dziedzictwa Kres\u00f3w zapraszamy do Lubaczowa na spotkanie z Krzesimirem D\u0119bskim oraz pokaz filmu dokumentalnego \u201eBy\u0142o sobie miasteczko\u201d.<\/strong><\/p>\n<p>Krzesimir D\u0119bski to<strong>\u00a0<\/strong>znanym kompozytor, dyrygent i skrzypek.<strong>\u00a0<\/strong>Jednak to nie muzyka b\u0119dzie g\u0142\u00f3wnym tematem spotkania, a ksi\u0105\u017cka <strong>\u201eNic nie jest w porz\u0105dku. Wo\u0142y\u0144 \u2013 moja rodzinna historia\u201d<\/strong>, kt\u00f3ra jest opowie\u015bci\u0105 o tragicznych wydarzeniach na Wo\u0142yniu. Krzesimir D\u0119bski w publikacji opowiada o tragicznej historii swojej rodziny. Si\u0119ga do wspomnie\u0144 swoich rodzic\u00f3w. Opisy scen rozgrywaj\u0105cych si\u0119 podczas pogromu pora\u017caj\u0105. Rodzice Krzesimira cudem uratowali si\u0119 z pogromu, jaki urz\u0105dzili Ukrai\u0144cy z UPA w ich rodzinnej wsi Kisielin i okolicach. Babci i dziadkowi kompozytora nie uda\u0142o si\u0119 prze\u017cy\u0107 \u2013 zostali porwani i zabici. Po latach poszukiwa\u0144 Krzesimir D\u0119bski spotka\u0142 ich morderc\u0119.<\/p>\n<p>Spotkanie rozpocznie si\u0119 PONIEDZIA\u0141EK 31 lipca o godz. 19:00 w auli Pa\u0144stwowej Szko\u0142y Muzycznej im. Krzysztofa Komedy w Lubaczowie (Rynek 24). Na godz. 20:00 zaplanowano pokaz filmu dokumentalnego <a href=\"http:\/\/www.filmweb.pl\/film\/By%C5%82o+sobie+miasteczko...-2009-538812\" target=\"_blank\" rel=\"noopener\"><strong>\u201eBy\u0142o sobie miasteczko<\/strong>\u201d<\/a> (2009, 50\u2019), po\u015bwi\u0119conego zag\u0142adzie Kisielina na Wo\u0142yniu, sk\u0105d pochodzili rodzice Krzesimira D\u0119bskiego, z udzia\u0142em re\u017cysera i scenarzysty Macieja Wojciechowskiego.<\/p>\n","protected":false},"excerpt":{"rendered":"<p>W ramach tegorocznego Festiwalu Dziedzictwa Kres\u00f3w zapraszamy do Lubaczowa na spotkanie z Krzesimirem D\u0119bskim &#8211; znanym kompozytorem, dyrygentem i skrzypkiem oraz pokaz filmu dokumentalnego \u201eBy\u0142o sobie miasteczko\u201d.<\/p>\n","protected":false},"author":1,"featured_media":0,"comment_status":"closed","ping_status":"closed","sticky":false,"template":"","format":"standard","meta":{"om_disable_all_campaigns":false,"_monsterinsights_skip_tracking":false,"_monsterinsights_sitenote_active":false,"_monsterinsights_sitenote_note":"","_monsterinsights_sitenote_category":0,"footnotes":""},"categories":[12],"tags":[32,33],"class_list":["post-839","post","type-post","status-publish","format-standard","hentry","category-aktualnosci","tag-krzesimir-debski","tag-wolyn"],"aioseo_notices":[],"_links":{"self":[{"href":"https:\/\/archiwum.festiwalkresow.pl\/index.php\/wp-json\/wp\/v2\/posts\/839","targetHints":{"allow":["GET"]}}],"collection":[{"href":"https:\/\/archiwum.festiwalkresow.pl\/index.php\/wp-json\/wp\/v2\/posts"}],"about":[{"href":"https:\/\/archiwum.festiwalkresow.pl\/index.php\/wp-json\/wp\/v2\/types\/post"}],"author":[{"embeddable":true,"href":"https:\/\/archiwum.festiwalkresow.pl\/index.php\/wp-json\/wp\/v2\/users\/1"}],"replies":[{"embeddable":true,"href":"https:\/\/archiwum.festiwalkresow.pl\/index.php\/wp-json\/wp\/v2\/comments?post=839"}],"version-history":[{"count":7,"href":"https:\/\/archiwum.festiwalkresow.pl\/index.php\/wp-json\/wp\/v2\/posts\/839\/revisions"}],"predecessor-version":[{"id":887,"href":"https:\/\/archiwum.festiwalkresow.pl\/index.php\/wp-json\/wp\/v2\/posts\/839\/revisions\/887"}],"wp:attachment":[{"href":"https:\/\/archiwum.festiwalkresow.pl\/index.php\/wp-json\/wp\/v2\/media?parent=839"}],"wp:term":[{"taxonomy":"category","embeddable":true,"href":"https:\/\/archiwum.festiwalkresow.pl\/index.php\/wp-json\/wp\/v2\/categories?post=839"},{"taxonomy":"post_tag","embeddable":true,"href":"https:\/\/archiwum.festiwalkresow.pl\/index.php\/wp-json\/wp\/v2\/tags?post=839"}],"curies":[{"name":"wp","href":"https:\/\/api.w.org\/{rel}","templated":true}]}}