{"id":877,"date":"2017-07-17T11:11:12","date_gmt":"2017-07-17T09:11:12","guid":{"rendered":"https:\/\/archiwum.festiwalkresow.pl\/?p=877"},"modified":"2017-07-17T11:20:34","modified_gmt":"2017-07-17T09:20:34","slug":"filharmonia-podkarpacka-z-koncertem-lata-dwudzieste-lata-trzydzieste-w-lubaczowie","status":"publish","type":"post","link":"https:\/\/archiwum.festiwalkresow.pl\/index.php\/2017\/07\/17\/filharmonia-podkarpacka-z-koncertem-lata-dwudzieste-lata-trzydzieste-w-lubaczowie\/","title":{"rendered":"Filharmonia Podkarpacka z koncertem &#8222;Lata dwudzieste, lata trzydzieste&#8221; w Lubaczowie"},"content":{"rendered":"<p>W niedziel\u0119 30 lipca o godz. 19:00 zapraszamy na koncert Filharmonii Podkarpackiej imienia Artura Malawskiego. Muzycy wyst\u0105pi\u0105 na Rynku Miejskim w Lubaczowie z koncertem &#8222;Lata dwudzieste, lata trzydzieste\u201d.<\/p>\n<p>Na scenie wyst\u0105pi ponad 30 muzyk\u00f3w pod batut\u0105 Tomasza Chmiela oraz soli\u015bci Adrianna Bujak-Cyran (sopran) i Micha\u0142 Kutnik (bas). Koncert poprowadzi Ewa Lewicka.<\/p>\n<p>Wydarzenie organizowane jest w ramach projektu \u201ePRZESTRZE\u0143 OTWARTA DLA MUZYKI\u201d.<\/p>\n","protected":false},"excerpt":{"rendered":"<p>W niedziel\u0119 30 lipca o godz. 19:00 zapraszamy na koncert Filharmonii Podkarpackiej imienia Artura Malawskiego. Muzycy wyst\u0105pi\u0105 na Rynku Miejskim w Lubaczowie z koncertem &#8222;Lata dwudzieste, lata trzydzieste\u201d.<\/p>\n","protected":false},"author":1,"featured_media":878,"comment_status":"closed","ping_status":"closed","sticky":false,"template":"","format":"standard","meta":{"om_disable_all_campaigns":false,"_monsterinsights_skip_tracking":false,"_monsterinsights_sitenote_active":false,"_monsterinsights_sitenote_note":"","_monsterinsights_sitenote_category":0,"footnotes":""},"categories":[12,5],"tags":[39,40],"class_list":["post-877","post","type-post","status-publish","format-standard","has-post-thumbnail","hentry","category-aktualnosci","category-zapowiedzi","tag-filharmonia-podkarpacka","tag-koncert-lubaczow"],"aioseo_notices":[],"_links":{"self":[{"href":"https:\/\/archiwum.festiwalkresow.pl\/index.php\/wp-json\/wp\/v2\/posts\/877","targetHints":{"allow":["GET"]}}],"collection":[{"href":"https:\/\/archiwum.festiwalkresow.pl\/index.php\/wp-json\/wp\/v2\/posts"}],"about":[{"href":"https:\/\/archiwum.festiwalkresow.pl\/index.php\/wp-json\/wp\/v2\/types\/post"}],"author":[{"embeddable":true,"href":"https:\/\/archiwum.festiwalkresow.pl\/index.php\/wp-json\/wp\/v2\/users\/1"}],"replies":[{"embeddable":true,"href":"https:\/\/archiwum.festiwalkresow.pl\/index.php\/wp-json\/wp\/v2\/comments?post=877"}],"version-history":[{"count":2,"href":"https:\/\/archiwum.festiwalkresow.pl\/index.php\/wp-json\/wp\/v2\/posts\/877\/revisions"}],"predecessor-version":[{"id":881,"href":"https:\/\/archiwum.festiwalkresow.pl\/index.php\/wp-json\/wp\/v2\/posts\/877\/revisions\/881"}],"wp:featuredmedia":[{"embeddable":true,"href":"https:\/\/archiwum.festiwalkresow.pl\/index.php\/wp-json\/wp\/v2\/media\/878"}],"wp:attachment":[{"href":"https:\/\/archiwum.festiwalkresow.pl\/index.php\/wp-json\/wp\/v2\/media?parent=877"}],"wp:term":[{"taxonomy":"category","embeddable":true,"href":"https:\/\/archiwum.festiwalkresow.pl\/index.php\/wp-json\/wp\/v2\/categories?post=877"},{"taxonomy":"post_tag","embeddable":true,"href":"https:\/\/archiwum.festiwalkresow.pl\/index.php\/wp-json\/wp\/v2\/tags?post=877"}],"curies":[{"name":"wp","href":"https:\/\/api.w.org\/{rel}","templated":true}]}}